{"id":123161,"date":"2026-01-02T06:13:07","date_gmt":"2026-01-02T06:13:07","guid":{"rendered":"https:\/\/www.europesays.com\/se\/123161\/"},"modified":"2026-01-02T06:13:07","modified_gmt":"2026-01-02T06:13:07","slug":"alvotech-tecknar-lanefacilitet-pa-100-miljoner-dollar","status":"publish","type":"post","link":"https:\/\/www.europesays.com\/se\/123161\/","title":{"rendered":"Alvotech tecknar l\u00e5nefacilitet p\u00e5 100 miljoner dollar"},"content":{"rendered":"<p>&#13;<br \/>\n                        Det villkorade l\u00e5net, med f\u00f6rfallodag i december 2027, syftar till att st\u00e4rka likviditeten och st\u00f6dja genomf\u00f6randet av Alvotechs strategiska prioriteringar under 2026.<\/p>\n<p>L\u00e5net har en r\u00e4nta p\u00e5 12,50 procent och betalas m\u00e5natligen. Det \u00e4r lett av Goldentree Asset Management och ers\u00e4tter en tidigare facilitet (working capital facility).<\/p>\n<p>Alvotech har nyligen ocks\u00e5 st\u00e4rkt sin kapitalstruktur genom utgivande av seniora icke-s\u00e4kerst\u00e4llda konvertibelobligationer p\u00e5 108 miljoner dollar, med f\u00f6rfallodatum under 2030.&#13;\n                    <\/p>\n","protected":false},"excerpt":{"rendered":"&#13; Det villkorade l\u00e5net, med f\u00f6rfallodag i december 2027, syftar till att st\u00e4rka likviditeten och st\u00f6dja genomf\u00f6randet av&hellip;\n","protected":false},"author":2,"featured_media":123162,"comment_status":"","ping_status":"","sticky":false,"template":"","format":"standard","meta":{"footnotes":""},"categories":[65],"tags":[72,70,71,454,453,451,452,34,31,33,32,30,455],"class_list":{"0":"post-123161","1":"post","2":"type-post","3":"status-publish","4":"format-standard","5":"has-post-thumbnail","7":"category-ekonomi","8":"tag-business","9":"tag-economy","10":"tag-ekonomi","11":"tag-ekonomisk-analys","12":"tag-finans","13":"tag-finansiella-nyheter","14":"tag-investera","15":"tag-se","16":"tag-svenska","17":"tag-sverige","18":"tag-sweden","19":"tag-swedish","20":"tag-trading"},"share_on_mastodon":{"url":"https:\/\/pubeurope.com\/@se\/115824034037543199","error":""},"_links":{"self":[{"href":"https:\/\/www.europesays.com\/se\/wp-json\/wp\/v2\/posts\/123161","targetHints":{"allow":["GET"]}}],"collection":[{"href":"https:\/\/www.europesays.com\/se\/wp-json\/wp\/v2\/posts"}],"about":[{"href":"https:\/\/www.europesays.com\/se\/wp-json\/wp\/v2\/types\/post"}],"author":[{"embeddable":true,"href":"https:\/\/www.europesays.com\/se\/wp-json\/wp\/v2\/users\/2"}],"replies":[{"embeddable":true,"href":"https:\/\/www.europesays.com\/se\/wp-json\/wp\/v2\/comments?post=123161"}],"version-history":[{"count":0,"href":"https:\/\/www.europesays.com\/se\/wp-json\/wp\/v2\/posts\/123161\/revisions"}],"wp:featuredmedia":[{"embeddable":true,"href":"https:\/\/www.europesays.com\/se\/wp-json\/wp\/v2\/media\/123162"}],"wp:attachment":[{"href":"https:\/\/www.europesays.com\/se\/wp-json\/wp\/v2\/media?parent=123161"}],"wp:term":[{"taxonomy":"category","embeddable":true,"href":"https:\/\/www.europesays.com\/se\/wp-json\/wp\/v2\/categories?post=123161"},{"taxonomy":"post_tag","embeddable":true,"href":"https:\/\/www.europesays.com\/se\/wp-json\/wp\/v2\/tags?post=123161"}],"curies":[{"name":"wp","href":"https:\/\/api.w.org\/{rel}","templated":true}]}}