{"id":123164,"date":"2026-01-02T06:16:07","date_gmt":"2026-01-02T06:16:07","guid":{"rendered":"https:\/\/www.europesays.com\/se\/123164\/"},"modified":"2026-01-02T06:16:07","modified_gmt":"2026-01-02T06:16:07","slug":"minibuss-korde-av-vagen-tre-personer-till-sjukhus","status":"publish","type":"post","link":"https:\/\/www.europesays.com\/se\/123164\/","title":{"rendered":"Minibuss k\u00f6rde av v\u00e4gen \u2013 tre personer till sjukhus"},"content":{"rendered":"<p>Strax innan klockan sex p\u00e5 fredagsmorgonen inkom ett larm om att en minibuss \u00e5kt av v\u00e4g 120 i riktning mot Emmaboda. Enligt larmoperat\u00f6ren ska det vara halka och d\u00e5ligt v\u00e4glag som gjort att bussen hamnat 15 meter ut i skogen. I minibussen befann sig nio personer, varav fyra \u00e4r barn. <\/p>\n<p>Enligt initiala uppgifter skulle bussen ha k\u00f6rt in i ett tr\u00e4d, men detta \u00e4r inte bekr\u00e4ftat. <\/p>\n<p>Tre av de nio personerna som fanns i bussen har f\u00e5tt f\u00f6ras till sjukhus efter h\u00e4ndelsen. Alla ska vara vakna och talbara. <\/p>\n","protected":false},"excerpt":{"rendered":"Strax innan klockan sex p\u00e5 fredagsmorgonen inkom ett larm om att en minibuss \u00e5kt av v\u00e4g 120 i&hellip;\n","protected":false},"author":2,"featured_media":793,"comment_status":"","ping_status":"","sticky":false,"template":"","format":"standard","meta":{"footnotes":""},"categories":[5],"tags":[22,23,26,27,17,21,24,25,28,29,15,16,18,34,31,33,32,30,19,20],"class_list":{"0":"post-123164","1":"post","2":"type-post","3":"status-publish","4":"format-standard","5":"has-post-thumbnail","7":"category-rubriker","8":"tag-breaking-news","9":"tag-breakingnews","10":"tag-featured-news","11":"tag-featurednews","12":"tag-headlines","13":"tag-huvudnyheter","14":"tag-latest-news","15":"tag-latestnews","16":"tag-main-news","17":"tag-mainnews","18":"tag-news","19":"tag-nyheter","20":"tag-rubriker","21":"tag-se","22":"tag-svenska","23":"tag-sverige","24":"tag-sweden","25":"tag-swedish","26":"tag-top-stories","27":"tag-topstories"},"share_on_mastodon":{"url":"https:\/\/pubeurope.com\/@se\/115824045762186636","error":""},"_links":{"self":[{"href":"https:\/\/www.europesays.com\/se\/wp-json\/wp\/v2\/posts\/123164","targetHints":{"allow":["GET"]}}],"collection":[{"href":"https:\/\/www.europesays.com\/se\/wp-json\/wp\/v2\/posts"}],"about":[{"href":"https:\/\/www.europesays.com\/se\/wp-json\/wp\/v2\/types\/post"}],"author":[{"embeddable":true,"href":"https:\/\/www.europesays.com\/se\/wp-json\/wp\/v2\/users\/2"}],"replies":[{"embeddable":true,"href":"https:\/\/www.europesays.com\/se\/wp-json\/wp\/v2\/comments?post=123164"}],"version-history":[{"count":0,"href":"https:\/\/www.europesays.com\/se\/wp-json\/wp\/v2\/posts\/123164\/revisions"}],"wp:featuredmedia":[{"embeddable":true,"href":"https:\/\/www.europesays.com\/se\/wp-json\/wp\/v2\/media\/793"}],"wp:attachment":[{"href":"https:\/\/www.europesays.com\/se\/wp-json\/wp\/v2\/media?parent=123164"}],"wp:term":[{"taxonomy":"category","embeddable":true,"href":"https:\/\/www.europesays.com\/se\/wp-json\/wp\/v2\/categories?post=123164"},{"taxonomy":"post_tag","embeddable":true,"href":"https:\/\/www.europesays.com\/se\/wp-json\/wp\/v2\/tags?post=123164"}],"curies":[{"name":"wp","href":"https:\/\/api.w.org\/{rel}","templated":true}]}}