{"id":123167,"date":"2026-01-02T06:21:13","date_gmt":"2026-01-02T06:21:13","guid":{"rendered":"https:\/\/www.europesays.com\/se\/123167\/"},"modified":"2026-01-02T06:21:13","modified_gmt":"2026-01-02T06:21:13","slug":"italien-anvander-vinter-os-som-magnet-for-ultrarika-2","status":"publish","type":"post","link":"https:\/\/www.europesays.com\/se\/123167\/","title":{"rendered":"Italien anv\u00e4nder vinter-OS som magnet f\u00f6r ultrarika"},"content":{"rendered":"<p>Italien g\u00f6r vinter-OS i Milano och Cortina till ett dragpl\u00e5ster f\u00f6r v\u00e4rldens superrika. Genom gener\u00f6sa skattel\u00e4ttnader har tusentals miljard\u00e4rer redan lockats till Milano \u2013 nu blir\u2026<\/p>\n<p>In Milan, everyone is going for gold.<\/p>\n<p>Omni \u00e4r politiskt obundna och oberoende. Vi str\u00e4var efter att ge fler perspektiv p\u00e5 nyheterna. Har du fr\u00e5gor eller synpunkter kring v\u00e5r rapportering? <a href=\"https:\/\/omni.se\/italien-anvander-vinter-os-som-magnet-for-ultrarika\/a\/mailto:mer@omni.se\" class=\"ArticleActions_contactLink__W2F1M\" rel=\"nofollow noopener\" target=\"_blank\">Kontakta redaktionen<\/a><\/p>\n","protected":false},"excerpt":{"rendered":"Italien g\u00f6r vinter-OS i Milano och Cortina till ett dragpl\u00e5ster f\u00f6r v\u00e4rldens superrika. Genom gener\u00f6sa skattel\u00e4ttnader har tusentals&hellip;\n","protected":false},"author":2,"featured_media":123081,"comment_status":"","ping_status":"","sticky":false,"template":"","format":"standard","meta":{"footnotes":""},"categories":[65],"tags":[2193,72,70,71,5037,34,31,33,32,30,5036],"class_list":{"0":"post-123167","1":"post","2":"type-post","3":"status-publish","4":"format-standard","5":"has-post-thumbnail","7":"category-ekonomi","8":"tag-omni-mer","9":"tag-business","10":"tag-economy","11":"tag-ekonomi","12":"tag-omni-mer-internationell-fordjupning","13":"tag-se","14":"tag-svenska","15":"tag-sverige","16":"tag-sweden","17":"tag-swedish","18":"tag-the-economist"},"share_on_mastodon":{"url":"https:\/\/pubeurope.com\/@se\/115824065483972212","error":""},"_links":{"self":[{"href":"https:\/\/www.europesays.com\/se\/wp-json\/wp\/v2\/posts\/123167","targetHints":{"allow":["GET"]}}],"collection":[{"href":"https:\/\/www.europesays.com\/se\/wp-json\/wp\/v2\/posts"}],"about":[{"href":"https:\/\/www.europesays.com\/se\/wp-json\/wp\/v2\/types\/post"}],"author":[{"embeddable":true,"href":"https:\/\/www.europesays.com\/se\/wp-json\/wp\/v2\/users\/2"}],"replies":[{"embeddable":true,"href":"https:\/\/www.europesays.com\/se\/wp-json\/wp\/v2\/comments?post=123167"}],"version-history":[{"count":0,"href":"https:\/\/www.europesays.com\/se\/wp-json\/wp\/v2\/posts\/123167\/revisions"}],"wp:featuredmedia":[{"embeddable":true,"href":"https:\/\/www.europesays.com\/se\/wp-json\/wp\/v2\/media\/123081"}],"wp:attachment":[{"href":"https:\/\/www.europesays.com\/se\/wp-json\/wp\/v2\/media?parent=123167"}],"wp:term":[{"taxonomy":"category","embeddable":true,"href":"https:\/\/www.europesays.com\/se\/wp-json\/wp\/v2\/categories?post=123167"},{"taxonomy":"post_tag","embeddable":true,"href":"https:\/\/www.europesays.com\/se\/wp-json\/wp\/v2\/tags?post=123167"}],"curies":[{"name":"wp","href":"https:\/\/api.w.org\/{rel}","templated":true}]}}