{"id":12317,"date":"2025-08-24T08:03:09","date_gmt":"2025-08-24T08:03:09","guid":{"rendered":"https:\/\/www.europesays.com\/se\/12317\/"},"modified":"2025-08-24T08:03:09","modified_gmt":"2025-08-24T08:03:09","slug":"flera-ap-fonder-investerar-miljarder-i-bolag-som-anklagas-for-brott-i-gaza","status":"publish","type":"post","link":"https:\/\/www.europesays.com\/se\/12317\/","title":{"rendered":"Flera AP-fonder investerar miljarder i bolag som anklagas f\u00f6r brott i Gaza"},"content":{"rendered":"<p>Flera av de svenska AP-fonderna har innehav i bolag som av FN anklagas f\u00f6r att tillverka krigsmateriel som anv\u00e4nds i kriget i Gaza. Det rapporterar SVT Nyheter. <\/p>\n<p>Bland annat \u00e4ger fyra av de statliga pensionsfonderna aktier i brittiska Rolls-Royce, vars dotterbolag tillverkar motorer till Israels stridsvagnar. Fonderna har ocks\u00e5 totalt runt 2,7 miljarder investerat i amerikanska techbolaget Palantir, som utvecklar AI-mjukvara f\u00f6r bland annat krigsledning. St\u00f6rsta innehavet har AP7, vars aktier \u00f6kat med \u00f6ver 4 miljarder i v\u00e4rde sedan oktober 2023. <\/p>\n<p>B\u00e5da f\u00f6retagen n\u00e4mns i en FN-rapport d\u00e4r deras produkter uppges anv\u00e4ndas av Israel i attacker som pekas ut som folkr\u00e4ttsbrott. <\/p>\n<p>Sjunde AP-fonden uppger att man vill se mer bevis innan fonden beslutar vad de g\u00f6r med innehaven. AP7:s h\u00e5llbarhetschef Charlotta Dawidowski Sydstrand uppger att man kommer kontakta bolagen. <\/p>\n<p>\u2013 Och f\u00f6ra dialog med dem under h\u00f6sten, s\u00e4ger hon. <\/p>\n<p>Omni \u00e4r politiskt obundna och oberoende. Vi str\u00e4var efter att ge fler perspektiv p\u00e5 nyheterna. Har du fr\u00e5gor eller synpunkter kring v\u00e5r rapportering? <a href=\"https:\/\/omni.se\/ap-fondernas-miljarder-i-bolag-som-anklagas-for-brott-i-gaza\/a\/mailto:redaktion@omni.se\" class=\"ArticleActions_contactLink__W2F1M\" rel=\"nofollow noopener\" target=\"_blank\">Kontakta redaktionen<\/a><\/p>\n","protected":false},"excerpt":{"rendered":"Flera av de svenska AP-fonderna har innehav i bolag som av FN anklagas f\u00f6r att tillverka krigsmateriel som&hellip;\n","protected":false},"author":2,"featured_media":12318,"comment_status":"","ping_status":"","sticky":false,"template":"","format":"standard","meta":{"footnotes":""},"categories":[5],"tags":[1695,22,23,26,27,121,17,21,342,24,25,28,29,124,125,15,16,1694,1697,18,34,1696,31,33,32,30,19,20],"class_list":{"0":"post-12317","1":"post","2":"type-post","3":"status-publish","4":"format-standard","5":"has-post-thumbnail","7":"category-rubriker","8":"tag-ap-fonderna","9":"tag-breaking-news","10":"tag-breakingnews","11":"tag-featured-news","12":"tag-featurednews","13":"tag-gaza","14":"tag-headlines","15":"tag-huvudnyheter","16":"tag-israel","17":"tag-latest-news","18":"tag-latestnews","19":"tag-main-news","20":"tag-mainnews","21":"tag-mellanostern","22":"tag-mellanosternkrisen","23":"tag-news","24":"tag-nyheter","25":"tag-palantir-technologies","26":"tag-rolls-royce","27":"tag-rubriker","28":"tag-se","29":"tag-sjunde-ap-fonden","30":"tag-svenska","31":"tag-sverige","32":"tag-sweden","33":"tag-swedish","34":"tag-top-stories","35":"tag-topstories"},"share_on_mastodon":{"url":"","error":""},"_links":{"self":[{"href":"https:\/\/www.europesays.com\/se\/wp-json\/wp\/v2\/posts\/12317","targetHints":{"allow":["GET"]}}],"collection":[{"href":"https:\/\/www.europesays.com\/se\/wp-json\/wp\/v2\/posts"}],"about":[{"href":"https:\/\/www.europesays.com\/se\/wp-json\/wp\/v2\/types\/post"}],"author":[{"embeddable":true,"href":"https:\/\/www.europesays.com\/se\/wp-json\/wp\/v2\/users\/2"}],"replies":[{"embeddable":true,"href":"https:\/\/www.europesays.com\/se\/wp-json\/wp\/v2\/comments?post=12317"}],"version-history":[{"count":0,"href":"https:\/\/www.europesays.com\/se\/wp-json\/wp\/v2\/posts\/12317\/revisions"}],"wp:featuredmedia":[{"embeddable":true,"href":"https:\/\/www.europesays.com\/se\/wp-json\/wp\/v2\/media\/12318"}],"wp:attachment":[{"href":"https:\/\/www.europesays.com\/se\/wp-json\/wp\/v2\/media?parent=12317"}],"wp:term":[{"taxonomy":"category","embeddable":true,"href":"https:\/\/www.europesays.com\/se\/wp-json\/wp\/v2\/categories?post=12317"},{"taxonomy":"post_tag","embeddable":true,"href":"https:\/\/www.europesays.com\/se\/wp-json\/wp\/v2\/tags?post=12317"}],"curies":[{"name":"wp","href":"https:\/\/api.w.org\/{rel}","templated":true}]}}