{"id":123173,"date":"2026-01-02T06:26:36","date_gmt":"2026-01-02T06:26:36","guid":{"rendered":"https:\/\/www.europesays.com\/se\/123173\/"},"modified":"2026-01-02T06:26:36","modified_gmt":"2026-01-02T06:26:36","slug":"mannen-som-chefar-over-aiks-miljonklausuler-allsvenskan","status":"publish","type":"post","link":"https:\/\/www.europesays.com\/se\/123173\/","title":{"rendered":"Mannen som chefar \u00f6ver AIK:s miljonklausuler | Allsvenskan"},"content":{"rendered":"<p>Publicerad 1 jan 2026 kl 05.00Uppdaterad kl 20.11<\/p>\n<p>PremiumAlexander Isaks flytt till Liverpool innebar miljonregn f\u00f6r AIK.<\/p>\n<p>Nu hoppas klubben att Yasin Ayari ska r\u00f6ra p\u00e5 sig.<\/p>\n<p>\u2013 Ja, det \u00e4r klart, s\u00e4ger finansdirekt\u00f6ren H\u00e5kan Strandlund.<\/p>\n<p><img   alt=\"\"\/><\/p>\n<p>Finansdirekt\u00f6ren H\u00e5kan Strandlund basar \u00f6ver AIK:s ekonomi.<\/p>\n<p>Foto: JESPER ZERMAN \/ BILDBYR\u00c5N<\/p>\n<p>\u00d6ppna bild i helsk\u00e4rm<img loading=\"lazy\"   alt=\"\"\/>\u00d6ppna bild i helsk\u00e4rm<\/p>\n","protected":false},"excerpt":{"rendered":"Publicerad 1 jan 2026 kl 05.00Uppdaterad kl 20.11 PremiumAlexander Isaks flytt till Liverpool innebar miljonregn f\u00f6r AIK. Nu&hellip;\n","protected":false},"author":2,"featured_media":123174,"comment_status":"","ping_status":"","sticky":false,"template":"","format":"standard","meta":{"footnotes":""},"categories":[68],"tags":[131,243,12970,103,34,130,129,111,110,31,33,32,30],"class_list":{"0":"post-123173","1":"post","2":"type-post","3":"status-publish","4":"format-standard","5":"has-post-thumbnail","7":"category-sport","8":"tag-organization-aik-fotboll","9":"tag-person-alexander-isak","10":"tag-person-yasin-ayari","11":"tag-premium","12":"tag-se","13":"tag-sections-allsvenskan","14":"tag-sections-fotboll","15":"tag-sport","16":"tag-sports","17":"tag-svenska","18":"tag-sverige","19":"tag-sweden","20":"tag-swedish"},"share_on_mastodon":{"url":"https:\/\/pubeurope.com\/@se\/115824085083925836","error":""},"_links":{"self":[{"href":"https:\/\/www.europesays.com\/se\/wp-json\/wp\/v2\/posts\/123173","targetHints":{"allow":["GET"]}}],"collection":[{"href":"https:\/\/www.europesays.com\/se\/wp-json\/wp\/v2\/posts"}],"about":[{"href":"https:\/\/www.europesays.com\/se\/wp-json\/wp\/v2\/types\/post"}],"author":[{"embeddable":true,"href":"https:\/\/www.europesays.com\/se\/wp-json\/wp\/v2\/users\/2"}],"replies":[{"embeddable":true,"href":"https:\/\/www.europesays.com\/se\/wp-json\/wp\/v2\/comments?post=123173"}],"version-history":[{"count":0,"href":"https:\/\/www.europesays.com\/se\/wp-json\/wp\/v2\/posts\/123173\/revisions"}],"wp:featuredmedia":[{"embeddable":true,"href":"https:\/\/www.europesays.com\/se\/wp-json\/wp\/v2\/media\/123174"}],"wp:attachment":[{"href":"https:\/\/www.europesays.com\/se\/wp-json\/wp\/v2\/media?parent=123173"}],"wp:term":[{"taxonomy":"category","embeddable":true,"href":"https:\/\/www.europesays.com\/se\/wp-json\/wp\/v2\/categories?post=123173"},{"taxonomy":"post_tag","embeddable":true,"href":"https:\/\/www.europesays.com\/se\/wp-json\/wp\/v2\/tags?post=123173"}],"curies":[{"name":"wp","href":"https:\/\/api.w.org\/{rel}","templated":true}]}}