{"id":123210,"date":"2026-01-02T07:08:19","date_gmt":"2026-01-02T07:08:19","guid":{"rendered":"https:\/\/www.europesays.com\/se\/123210\/"},"modified":"2026-01-02T07:08:19","modified_gmt":"2026-01-02T07:08:19","slug":"bolsonaro-skickas-tillbaka-till-fangelset-efter-vard","status":"publish","type":"post","link":"https:\/\/www.europesays.com\/se\/123210\/","title":{"rendered":"Bolsonaro skickas tillbaka till f\u00e4ngelset efter v\u00e5rd"},"content":{"rendered":"<p>Brasiliens tidigare president Jair Bolsonaro har l\u00e4mnat sjukhuset d\u00e4r han har opererats fyra g\u00e5nger p\u00e5 en vecka, rapporterar CNN Brasil.<\/p>\n<p>Bolsonaro har skickats tillbaka till f\u00e4ngelset, d\u00e4r han avtj\u00e4nar ett 27-\u00e5rigt f\u00e4ngelsestraff f\u00f6r att ha lett ett f\u00f6rs\u00f6k till statskupp mot sin eftertr\u00e4dare. <\/p>\n<p>Expresidenten har via sina advokater beg\u00e4rt att f\u00e5 avtj\u00e4na resten av sitt straff i \u201dhumanit\u00e4r husarrest\u201d bland annat med h\u00e4nvisning till sitt medicinska tillst\u00e5nd. Beg\u00e4ran avvisades av en domstol p\u00e5 fredagen. <\/p>\n<p>Omni \u00e4r politiskt obundna och oberoende. Vi str\u00e4var efter att ge fler perspektiv p\u00e5 nyheterna. Har du fr\u00e5gor eller synpunkter kring v\u00e5r rapportering? <a href=\"https:\/\/omni.se\/bolsonaro-skickas-tillbaka-till-fangelset-efter-vard\/a\/mailto:redaktion@omni.se\" class=\"ArticleActions_contactLink__W2F1M\" rel=\"nofollow noopener\" target=\"_blank\">Kontakta redaktionen<\/a><\/p>\n","protected":false},"excerpt":{"rendered":"Brasiliens tidigare president Jair Bolsonaro har l\u00e4mnat sjukhuset d\u00e4r han har opererats fyra g\u00e5nger p\u00e5 en vecka, rapporterar&hellip;\n","protected":false},"author":2,"featured_media":123211,"comment_status":"","ping_status":"","sticky":false,"template":"","format":"standard","meta":{"footnotes":""},"categories":[5],"tags":[3854,707,22,23,26,27,17,21,3853,24,25,708,28,29,15,16,18,34,31,33,32,30,19,20],"class_list":{"0":"post-123210","1":"post","2":"type-post","3":"status-publish","4":"format-standard","5":"has-post-thumbnail","7":"category-rubriker","8":"tag-brasiliansk-politik","9":"tag-brasilien","10":"tag-breaking-news","11":"tag-breakingnews","12":"tag-featured-news","13":"tag-featurednews","14":"tag-headlines","15":"tag-huvudnyheter","16":"tag-jair-bolsonaro","17":"tag-latest-news","18":"tag-latestnews","19":"tag-latinamerika","20":"tag-main-news","21":"tag-mainnews","22":"tag-news","23":"tag-nyheter","24":"tag-rubriker","25":"tag-se","26":"tag-svenska","27":"tag-sverige","28":"tag-sweden","29":"tag-swedish","30":"tag-top-stories","31":"tag-topstories"},"share_on_mastodon":{"url":"https:\/\/pubeurope.com\/@se\/115824250221891437","error":""},"_links":{"self":[{"href":"https:\/\/www.europesays.com\/se\/wp-json\/wp\/v2\/posts\/123210","targetHints":{"allow":["GET"]}}],"collection":[{"href":"https:\/\/www.europesays.com\/se\/wp-json\/wp\/v2\/posts"}],"about":[{"href":"https:\/\/www.europesays.com\/se\/wp-json\/wp\/v2\/types\/post"}],"author":[{"embeddable":true,"href":"https:\/\/www.europesays.com\/se\/wp-json\/wp\/v2\/users\/2"}],"replies":[{"embeddable":true,"href":"https:\/\/www.europesays.com\/se\/wp-json\/wp\/v2\/comments?post=123210"}],"version-history":[{"count":0,"href":"https:\/\/www.europesays.com\/se\/wp-json\/wp\/v2\/posts\/123210\/revisions"}],"wp:featuredmedia":[{"embeddable":true,"href":"https:\/\/www.europesays.com\/se\/wp-json\/wp\/v2\/media\/123211"}],"wp:attachment":[{"href":"https:\/\/www.europesays.com\/se\/wp-json\/wp\/v2\/media?parent=123210"}],"wp:term":[{"taxonomy":"category","embeddable":true,"href":"https:\/\/www.europesays.com\/se\/wp-json\/wp\/v2\/categories?post=123210"},{"taxonomy":"post_tag","embeddable":true,"href":"https:\/\/www.europesays.com\/se\/wp-json\/wp\/v2\/tags?post=123210"}],"curies":[{"name":"wp","href":"https:\/\/api.w.org\/{rel}","templated":true}]}}