{"id":123230,"date":"2026-01-02T07:36:08","date_gmt":"2026-01-02T07:36:08","guid":{"rendered":"https:\/\/www.europesays.com\/se\/123230\/"},"modified":"2026-01-02T07:36:08","modified_gmt":"2026-01-02T07:36:08","slug":"nu-startar-kulturaret-2026-sodertalje-kommun","status":"publish","type":"post","link":"https:\/\/www.europesays.com\/se\/123230\/","title":{"rendered":"Nu startar Kultur\u00e5ret 2026 &#8211; S\u00f6dert\u00e4lje kommun"},"content":{"rendered":"<p>Nu startar Kultur\u00e5ret 2026. Under Kultur\u00e5ret vill vi ge b\u00e5de S\u00f6dert\u00e4ljebor och bes\u00f6kare \u00e4nnu st\u00f6rre m\u00f6jlighet att ta del av kultur b\u00e5de i och fr\u00e5n S\u00f6dert\u00e4lje.<\/p>\n<p>Under Kultur\u00e5ret 2026 \u00e4r ambitionen att S\u00f6dert\u00e4lje kommun ska fyllas av kulturupplevelser \u2013 b\u00e5de p\u00e5 v\u00e5ra scener och i v\u00e5ra f\u00f6reningar, p\u00e5 gator och torg och p\u00e5 nya, ov\u00e4ntade platser.<\/p>\n<p>Tillsammans med S\u00f6dert\u00e4ljes f\u00f6renings- och kulturliv<\/p>\n<p>Tillsammans med S\u00f6dert\u00e4ljes f\u00f6reningar, arrang\u00f6rer och S\u00f6dert\u00e4lje kommun kommer du kunna uppleva konserter och spontan musik, teater, dans, konst, arkitektur, foto, matkultur, utst\u00e4llningar, litteratur, film, festivaler, skapande aktiviteter, historia, samtidskonst och mycket, mycket mer.\u00a0\u00a0<\/p>\n<p>Hemsida med allt som h\u00e4nder under Kultur\u00e5ret lanseras snart<\/p>\n<p>S\u00e5 snart som m\u00f6jligt kommer Kultur\u00e5rets hemsida finnas tillg\u00e4nglig. D\u00e4r samt p\u00e5 <a href=\"https:\/\/www.facebook.com\/kulturofritid\" rel=\"nofollow noopener\" target=\"_blank\">Kultur- och fritidskontorets Facebooksida<\/a> (l\u00e4nk till ny sida), hittar du allt som h\u00e4nder under \u00e5ret. H\u00e5ll utkik h\u00e4r p\u00e5 www.sodertalje.se s\u00e5 kommer snart mer information.<\/p>\n<p>V\u00e4lkommen att delta i och uppt\u00e4cka allt som Kultur\u00e5ret 2026 i S\u00f6dert\u00e4lje har att erbjuda!<\/p>\n","protected":false},"excerpt":{"rendered":"Nu startar Kultur\u00e5ret 2026. Under Kultur\u00e5ret vill vi ge b\u00e5de S\u00f6dert\u00e4ljebor och bes\u00f6kare \u00e4nnu st\u00f6rre m\u00f6jlighet att ta&hellip;\n","protected":false},"author":2,"featured_media":123231,"comment_status":"","ping_status":"","sticky":false,"template":"","format":"standard","meta":{"footnotes":""},"categories":[67],"tags":[104,34,31,33,32,30,105],"class_list":{"0":"post-123230","1":"post","2":"type-post","3":"status-publish","4":"format-standard","5":"has-post-thumbnail","7":"category-underhallning","8":"tag-entertainment","9":"tag-se","10":"tag-svenska","11":"tag-sverige","12":"tag-sweden","13":"tag-swedish","14":"tag-underhallning"},"share_on_mastodon":{"url":"https:\/\/pubeurope.com\/@se\/115824360378598797","error":""},"_links":{"self":[{"href":"https:\/\/www.europesays.com\/se\/wp-json\/wp\/v2\/posts\/123230","targetHints":{"allow":["GET"]}}],"collection":[{"href":"https:\/\/www.europesays.com\/se\/wp-json\/wp\/v2\/posts"}],"about":[{"href":"https:\/\/www.europesays.com\/se\/wp-json\/wp\/v2\/types\/post"}],"author":[{"embeddable":true,"href":"https:\/\/www.europesays.com\/se\/wp-json\/wp\/v2\/users\/2"}],"replies":[{"embeddable":true,"href":"https:\/\/www.europesays.com\/se\/wp-json\/wp\/v2\/comments?post=123230"}],"version-history":[{"count":0,"href":"https:\/\/www.europesays.com\/se\/wp-json\/wp\/v2\/posts\/123230\/revisions"}],"wp:featuredmedia":[{"embeddable":true,"href":"https:\/\/www.europesays.com\/se\/wp-json\/wp\/v2\/media\/123231"}],"wp:attachment":[{"href":"https:\/\/www.europesays.com\/se\/wp-json\/wp\/v2\/media?parent=123230"}],"wp:term":[{"taxonomy":"category","embeddable":true,"href":"https:\/\/www.europesays.com\/se\/wp-json\/wp\/v2\/categories?post=123230"},{"taxonomy":"post_tag","embeddable":true,"href":"https:\/\/www.europesays.com\/se\/wp-json\/wp\/v2\/tags?post=123230"}],"curies":[{"name":"wp","href":"https:\/\/api.w.org\/{rel}","templated":true}]}}