{"id":123257,"date":"2026-01-02T08:11:09","date_gmt":"2026-01-02T08:11:09","guid":{"rendered":"https:\/\/www.europesays.com\/se\/123257\/"},"modified":"2026-01-02T08:11:09","modified_gmt":"2026-01-02T08:11:09","slug":"eu-har-forlorat-hela-internet","status":"publish","type":"post","link":"https:\/\/www.europesays.com\/se\/123257\/","title":{"rendered":"EU har \u201df\u00f6rlorat hela internet\u201d"},"content":{"rendered":"<p>Europa har gjort sig beroende av amerikansk digital infrastruktur och p\u00e5 grund av det \u201df\u00f6rlorat hela internet\u201d. Det s\u00e4ger Miguel De Bruycker, Belgiens cybers\u00e4kerhetschef, till Financial Times.<\/p>\n<p>\u2013 Om jag skulle vilja att min information stannade inom EU s\u00e5 kan jag bara forts\u00e4tta dr\u00f6mma. Det \u00e4r ett m\u00e5l som helt enkelt inte \u00e4r realistiskt, s\u00e4ger han.<\/p>\n<p>P\u00e5 sikt menar han dock att EU m\u00e5ste se till att bygga egna molntj\u00e4nster f\u00f6r att kunna klara sig utan USA. <\/p>\n<p>Omni \u00e4r politiskt obundna och oberoende. Vi str\u00e4var efter att ge fler perspektiv p\u00e5 nyheterna. Har du fr\u00e5gor eller synpunkter kring v\u00e5r rapportering? <a href=\"https:\/\/omni.se\/sakerhetsexperten-eu-har-forlorat-hela-internet\/a\/mailto:redaktion@omni.se\" class=\"ArticleActions_contactLink__W2F1M\" rel=\"nofollow noopener\" target=\"_blank\">Kontakta redaktionen<\/a><\/p>\n","protected":false},"excerpt":{"rendered":"Europa har gjort sig beroende av amerikansk digital infrastruktur och p\u00e5 grund av det \u201df\u00f6rlorat hela internet\u201d. Det&hellip;\n","protected":false},"author":2,"featured_media":123258,"comment_status":"","ping_status":"","sticky":false,"template":"","format":"standard","meta":{"footnotes":""},"categories":[14],"tags":[3827,22,23,333,73,267,26,27,17,21,334,24,25,28,29,15,16,18,34,31,33,32,30,19,20,74,51,52,53,54],"class_list":{"0":"post-123257","1":"post","2":"type-post","3":"status-publish","4":"format-standard","5":"has-post-thumbnail","7":"category-varlden","8":"tag-belgien","9":"tag-breaking-news","10":"tag-breakingnews","11":"tag-data","12":"tag-eu","13":"tag-europa","14":"tag-featured-news","15":"tag-featurednews","16":"tag-headlines","17":"tag-huvudnyheter","18":"tag-it-hogteknologi","19":"tag-latest-news","20":"tag-latestnews","21":"tag-main-news","22":"tag-mainnews","23":"tag-news","24":"tag-nyheter","25":"tag-rubriker","26":"tag-se","27":"tag-svenska","28":"tag-sverige","29":"tag-sweden","30":"tag-swedish","31":"tag-top-stories","32":"tag-topstories","33":"tag-usa","34":"tag-varlden","35":"tag-world","36":"tag-world-news","37":"tag-worldnews"},"share_on_mastodon":{"url":"https:\/\/pubeurope.com\/@se\/115824498068660430","error":""},"_links":{"self":[{"href":"https:\/\/www.europesays.com\/se\/wp-json\/wp\/v2\/posts\/123257","targetHints":{"allow":["GET"]}}],"collection":[{"href":"https:\/\/www.europesays.com\/se\/wp-json\/wp\/v2\/posts"}],"about":[{"href":"https:\/\/www.europesays.com\/se\/wp-json\/wp\/v2\/types\/post"}],"author":[{"embeddable":true,"href":"https:\/\/www.europesays.com\/se\/wp-json\/wp\/v2\/users\/2"}],"replies":[{"embeddable":true,"href":"https:\/\/www.europesays.com\/se\/wp-json\/wp\/v2\/comments?post=123257"}],"version-history":[{"count":0,"href":"https:\/\/www.europesays.com\/se\/wp-json\/wp\/v2\/posts\/123257\/revisions"}],"wp:featuredmedia":[{"embeddable":true,"href":"https:\/\/www.europesays.com\/se\/wp-json\/wp\/v2\/media\/123258"}],"wp:attachment":[{"href":"https:\/\/www.europesays.com\/se\/wp-json\/wp\/v2\/media?parent=123257"}],"wp:term":[{"taxonomy":"category","embeddable":true,"href":"https:\/\/www.europesays.com\/se\/wp-json\/wp\/v2\/categories?post=123257"},{"taxonomy":"post_tag","embeddable":true,"href":"https:\/\/www.europesays.com\/se\/wp-json\/wp\/v2\/tags?post=123257"}],"curies":[{"name":"wp","href":"https:\/\/api.w.org\/{rel}","templated":true}]}}