{"id":123263,"date":"2026-01-02T08:17:06","date_gmt":"2026-01-02T08:17:06","guid":{"rendered":"https:\/\/www.europesays.com\/se\/123263\/"},"modified":"2026-01-02T08:17:06","modified_gmt":"2026-01-02T08:17:06","slug":"oneplus-visar-upp-turbo-6-med-jattebatteri","status":"publish","type":"post","link":"https:\/\/www.europesays.com\/se\/123263\/","title":{"rendered":"Oneplus visar upp Turbo 6 med j\u00e4ttebatteri"},"content":{"rendered":"<p class=\"kicker t20 font-Raleway\" style=\"\">Ny mobil med spelinriktning<\/p>\n<p>    Oneplus har presenterat den nya mobilserien Turbo 6, som riktar sig till spelare och f\u00e5r batterier p\u00e5 9000 mAh.<\/p>\n<p>Oneplus\u00a0har <a href=\"https:\/\/m.weibo.cn\/detail\/5249130101219796 \" target=\"_blank\" rel=\"nofollow noopener\">presenterat <\/a>en ny mobilserie med namnet Turbo 6. Serien \u00e4r inriktad p\u00e5 spel och best\u00e5r av tv\u00e5 modeller,\u00a0Oneplus\u00a0Turbo 6 och\u00a0Oneplus\u00a0Turbo 6V. <\/p>\n<p>F\u00f6retaget har \u00e4nnu inte avsl\u00f6jat alla tekniska detaljer, men betonar att Turbo 6-serien \u00e4r framtagen f\u00f6r anv\u00e4ndare som vill ha l\u00e5ng batteritid och h\u00f6g prestanda, s\u00e4rskilt f\u00f6r spel. B\u00e5de modellerna kommer att ha\u00a0batterier p\u00e5 9\u202f000\u00a0mAh.\u00a0<\/p>\n<p>Lanseringen av Turbo 6-serien \u00e4r planerad till den 8 januari i Kina. I en teaser-video visar\u00a0Oneplus\u00a0upp en enkel design, d\u00e4r standardmodellen Turbo 6 har n\u00e5got mer detaljer p\u00e5 baksidan \u00e4n Turbo 6V. <\/p>\n","protected":false},"excerpt":{"rendered":"Ny mobil med spelinriktning Oneplus har presenterat den nya mobilserien Turbo 6, som riktar sig till spelare och&hellip;\n","protected":false},"author":2,"featured_media":123264,"comment_status":"","ping_status":"","sticky":false,"template":"","format":"standard","meta":{"footnotes":""},"categories":[66],"tags":[80,78,79,34,31,33,32,30,81,84,83,82],"class_list":{"0":"post-123263","1":"post","2":"type-post","3":"status-publish","4":"format-standard","5":"has-post-thumbnail","7":"category-vetenskap-och-teknik","8":"tag-science","9":"tag-science-and-technology","10":"tag-scienceandtechnology","11":"tag-se","12":"tag-svenska","13":"tag-sverige","14":"tag-sweden","15":"tag-swedish","16":"tag-technology","17":"tag-teknik","18":"tag-vetenskap","19":"tag-vetenskapteknik"},"share_on_mastodon":{"url":"https:\/\/pubeurope.com\/@se\/115824521699948508","error":""},"_links":{"self":[{"href":"https:\/\/www.europesays.com\/se\/wp-json\/wp\/v2\/posts\/123263","targetHints":{"allow":["GET"]}}],"collection":[{"href":"https:\/\/www.europesays.com\/se\/wp-json\/wp\/v2\/posts"}],"about":[{"href":"https:\/\/www.europesays.com\/se\/wp-json\/wp\/v2\/types\/post"}],"author":[{"embeddable":true,"href":"https:\/\/www.europesays.com\/se\/wp-json\/wp\/v2\/users\/2"}],"replies":[{"embeddable":true,"href":"https:\/\/www.europesays.com\/se\/wp-json\/wp\/v2\/comments?post=123263"}],"version-history":[{"count":0,"href":"https:\/\/www.europesays.com\/se\/wp-json\/wp\/v2\/posts\/123263\/revisions"}],"wp:featuredmedia":[{"embeddable":true,"href":"https:\/\/www.europesays.com\/se\/wp-json\/wp\/v2\/media\/123264"}],"wp:attachment":[{"href":"https:\/\/www.europesays.com\/se\/wp-json\/wp\/v2\/media?parent=123263"}],"wp:term":[{"taxonomy":"category","embeddable":true,"href":"https:\/\/www.europesays.com\/se\/wp-json\/wp\/v2\/categories?post=123263"},{"taxonomy":"post_tag","embeddable":true,"href":"https:\/\/www.europesays.com\/se\/wp-json\/wp\/v2\/tags?post=123263"}],"curies":[{"name":"wp","href":"https:\/\/api.w.org\/{rel}","templated":true}]}}