{"id":123277,"date":"2026-01-02T08:41:08","date_gmt":"2026-01-02T08:41:08","guid":{"rendered":"https:\/\/www.europesays.com\/se\/123277\/"},"modified":"2026-01-02T08:41:08","modified_gmt":"2026-01-02T08:41:08","slug":"nothing-uppdaterar-phone-3","status":"publish","type":"post","link":"https:\/\/www.europesays.com\/se\/123277\/","title":{"rendered":"Nothing uppdaterar Phone 3"},"content":{"rendered":"<p class=\"kicker t20 font-Raleway\" style=\"\">Efterl\u00e4ngtade fixar<\/p>\n<p>    Nothing Phone 3 f\u00e5r nu en ny mjukvaruuppdatering som inneh\u00e5ller flera f\u00f6rb\u00e4ttringar av systemet, nya funktioner och viktiga buggfixar.<\/p>\n<p><a href=\"https:\/\/nothing.community\/d\/50419-nothing-phone-3-nothing-os-b40-251224-1229-changelog \" target=\"_blank\" rel=\"nofollow noopener\">Nothing\u00a0<\/a>har sl\u00e4ppt en ny mjukvaruuppdatering till\u00a0Nothing\u00a0Phone\u00a03 med flera visuella justeringar, nya funktioner och buggfixar, samt december m\u00e5nads s\u00e4kerhetsuppdatering.\u00a0<\/p>\n<p>En av de tydligaste f\u00f6r\u00e4ndringarna \u00e4r att batteriikonen nu\u00a0kan\u00a0visa procenttalet inuti symbolen. Det extra m\u00f6rka l\u00e4get har f\u00f6rb\u00e4ttrats f\u00f6r att fungera b\u00e4ttre i fler situationer, och animationerna f\u00f6r volymreglaget och\u00a0Recorder\u2011appen\u00a0har gjorts mjukare. Uppdateringen g\u00f6r det ocks\u00e5 m\u00f6jligt att anv\u00e4nda olika ringsignaler f\u00f6r varje SIM\u2011kort, vilket \u00e4r en ny funktion f\u00f6r anv\u00e4ndare med dubbla SIM\u2011kort.\u00a0<\/p>\n<p>Flera problem har \u00e5tg\u00e4rdats i den nya versionen. Ett k\u00e4nt fel som kunde f\u00e5 Android Auto att frysa vid anslutning till bilens sk\u00e4rm \u00e4r nu l\u00f6st.\u00a0Glyph\u2011funktionerna har blivit mer stabila, b\u00e5de n\u00e4r det g\u00e4ller fickdetektering och anv\u00e4ndning tillsammans med kameran. Dessutom beh\u00e5ller videoinspelning nu inst\u00e4llningen f\u00f6r H.265\u2011kodning \u00e4ven n\u00e4r man byter inspelningsl\u00e4ge, och stegr\u00e4knarens\u00a0widget\u00a0slutar animera p\u00e5 l\u00e5ssk\u00e4rmen n\u00e4r Always\u2011on Display \u00e4r aktiv.\u00a0<\/p>\n<p>Uppdateringen inneh\u00e5ller \u00e4ven f\u00f6rb\u00e4ttringar av systemets stabilitet, snabbare s\u00f6kning efter Wi\u2011Fi\u2011n\u00e4tverk samt f\u00f6rb\u00e4ttrad vibration och\u00a0haptisk\u00a0\u00e5terkoppling. Precis som tidigare rullas uppdateringen ut stegvis till anv\u00e4ndare i olika regioner f\u00f6r att s\u00e4kerst\u00e4lla en stabil lansering, s\u00e5 den kanske inte har kommit\u00a0till dig \u00e4nnu.\u00a0<\/p>\n","protected":false},"excerpt":{"rendered":"Efterl\u00e4ngtade fixar Nothing Phone 3 f\u00e5r nu en ny mjukvaruuppdatering som inneh\u00e5ller flera f\u00f6rb\u00e4ttringar av systemet, nya funktioner&hellip;\n","protected":false},"author":2,"featured_media":123278,"comment_status":"","ping_status":"","sticky":false,"template":"","format":"standard","meta":{"footnotes":""},"categories":[66],"tags":[80,78,79,34,31,33,32,30,81,84,83,82],"class_list":{"0":"post-123277","1":"post","2":"type-post","3":"status-publish","4":"format-standard","5":"has-post-thumbnail","7":"category-vetenskap-och-teknik","8":"tag-science","9":"tag-science-and-technology","10":"tag-scienceandtechnology","11":"tag-se","12":"tag-svenska","13":"tag-sverige","14":"tag-sweden","15":"tag-swedish","16":"tag-technology","17":"tag-teknik","18":"tag-vetenskap","19":"tag-vetenskapteknik"},"share_on_mastodon":{"url":"https:\/\/pubeurope.com\/@se\/115824615949726275","error":""},"_links":{"self":[{"href":"https:\/\/www.europesays.com\/se\/wp-json\/wp\/v2\/posts\/123277","targetHints":{"allow":["GET"]}}],"collection":[{"href":"https:\/\/www.europesays.com\/se\/wp-json\/wp\/v2\/posts"}],"about":[{"href":"https:\/\/www.europesays.com\/se\/wp-json\/wp\/v2\/types\/post"}],"author":[{"embeddable":true,"href":"https:\/\/www.europesays.com\/se\/wp-json\/wp\/v2\/users\/2"}],"replies":[{"embeddable":true,"href":"https:\/\/www.europesays.com\/se\/wp-json\/wp\/v2\/comments?post=123277"}],"version-history":[{"count":0,"href":"https:\/\/www.europesays.com\/se\/wp-json\/wp\/v2\/posts\/123277\/revisions"}],"wp:featuredmedia":[{"embeddable":true,"href":"https:\/\/www.europesays.com\/se\/wp-json\/wp\/v2\/media\/123278"}],"wp:attachment":[{"href":"https:\/\/www.europesays.com\/se\/wp-json\/wp\/v2\/media?parent=123277"}],"wp:term":[{"taxonomy":"category","embeddable":true,"href":"https:\/\/www.europesays.com\/se\/wp-json\/wp\/v2\/categories?post=123277"},{"taxonomy":"post_tag","embeddable":true,"href":"https:\/\/www.europesays.com\/se\/wp-json\/wp\/v2\/tags?post=123277"}],"curies":[{"name":"wp","href":"https:\/\/api.w.org\/{rel}","templated":true}]}}