{"id":123321,"date":"2026-01-02T09:20:09","date_gmt":"2026-01-02T09:20:09","guid":{"rendered":"https:\/\/www.europesays.com\/se\/123321\/"},"modified":"2026-01-02T09:20:09","modified_gmt":"2026-01-02T09:20:09","slug":"tippar-alla-kvartsfinaler-i-jvm-sa-kan-sverige-ta-guld-hockey","status":"publish","type":"post","link":"https:\/\/www.europesays.com\/se\/123321\/","title":{"rendered":"Tippar alla kvartsfinaler i JVM \u2013 s\u00e5 kan Sverige ta guld | Hockey"},"content":{"rendered":"<p>Publicerad 2 jan 2026 kl 08.37<\/p>\n<p>PremiumFyra stekheta kvartsfinaler stundar i JVM.<\/p>\n<p>Expressens Adam Johansson och Sanny Lindstr\u00f6m synar nu samtliga \u2013 och tippar vilka fyra nationer som kommer m\u00f6tas i semifinal.\u00a0<\/p>\n<p> Kommer f\u00e5 sparken direkt \u2013 om de \u00e5ker ur JVM<\/p>\n<p> D\u00e4rf\u00f6r kan m\u00e4staren ryka redan nu<\/p>\n<p> \u201dHan blir den stora matchvinnaren\u201d<\/p>\n<p> Hyllar Sverige: \u201dTar ingen skit\u201d<\/p>\n<p> S\u00e5 slutar alla kvartsfinaler<\/p>\n<p><img   alt=\"\"\/> <\/p>\n<p>Foto: Christopher Katsarov \/ TT NYHETSBYR\u00c5N<\/p>\n<p>\u00d6ppna bild i helsk\u00e4rm<\/p>\n","protected":false},"excerpt":{"rendered":"Publicerad 2 jan 2026 kl 08.37 PremiumFyra stekheta kvartsfinaler stundar i JVM. Expressens Adam Johansson och Sanny Lindstr\u00f6m&hellip;\n","protected":false},"author":2,"featured_media":123322,"comment_status":"","ping_status":"","sticky":false,"template":"","format":"standard","meta":{"footnotes":""},"categories":[68],"tags":[5945,103,34,255,111,110,31,33,32,30],"class_list":{"0":"post-123321","1":"post","2":"type-post","3":"status-publish","4":"format-standard","5":"has-post-thumbnail","7":"category-sport","8":"tag-organization-jvm","9":"tag-premium","10":"tag-se","11":"tag-sections-ishockey","12":"tag-sport","13":"tag-sports","14":"tag-svenska","15":"tag-sverige","16":"tag-sweden","17":"tag-swedish"},"share_on_mastodon":{"url":"https:\/\/pubeurope.com\/@se\/115824769264037906","error":""},"_links":{"self":[{"href":"https:\/\/www.europesays.com\/se\/wp-json\/wp\/v2\/posts\/123321","targetHints":{"allow":["GET"]}}],"collection":[{"href":"https:\/\/www.europesays.com\/se\/wp-json\/wp\/v2\/posts"}],"about":[{"href":"https:\/\/www.europesays.com\/se\/wp-json\/wp\/v2\/types\/post"}],"author":[{"embeddable":true,"href":"https:\/\/www.europesays.com\/se\/wp-json\/wp\/v2\/users\/2"}],"replies":[{"embeddable":true,"href":"https:\/\/www.europesays.com\/se\/wp-json\/wp\/v2\/comments?post=123321"}],"version-history":[{"count":0,"href":"https:\/\/www.europesays.com\/se\/wp-json\/wp\/v2\/posts\/123321\/revisions"}],"wp:featuredmedia":[{"embeddable":true,"href":"https:\/\/www.europesays.com\/se\/wp-json\/wp\/v2\/media\/123322"}],"wp:attachment":[{"href":"https:\/\/www.europesays.com\/se\/wp-json\/wp\/v2\/media?parent=123321"}],"wp:term":[{"taxonomy":"category","embeddable":true,"href":"https:\/\/www.europesays.com\/se\/wp-json\/wp\/v2\/categories?post=123321"},{"taxonomy":"post_tag","embeddable":true,"href":"https:\/\/www.europesays.com\/se\/wp-json\/wp\/v2\/tags?post=123321"}],"curies":[{"name":"wp","href":"https:\/\/api.w.org\/{rel}","templated":true}]}}