{"id":123329,"date":"2026-01-02T09:26:27","date_gmt":"2026-01-02T09:26:27","guid":{"rendered":"https:\/\/www.europesays.com\/se\/123329\/"},"modified":"2026-01-02T09:26:27","modified_gmt":"2026-01-02T09:26:27","slug":"kris-i-finland-en-kollaps-langdskidor","status":"publish","type":"post","link":"https:\/\/www.europesays.com\/se\/123329\/","title":{"rendered":"Kris i Finland: \u201dEn kollaps\u201d | L\u00e4ngdskidor"},"content":{"rendered":"<p>Publicerad 2 jan 2026 kl 10.11Uppdaterad kl 10.19<\/p>\n<p>Det r\u00e5der krisst\u00e4mning i Finland.\u00a0<\/p>\n<p>Under g\u00e5rdagen l\u00e4mnade flera stj\u00e4rnor Tour de ski \u2013 och \u00e4n s\u00e5 l\u00e4nge har de inte en enda pallplats under s\u00e4songen.\u00a0<\/p>\n<p>\u201dFinsk skid\u00e5kning har kollapsat\u201d, skriver <a href=\"https:\/\/www.iltalehti.fi\/talviurheilu\/a\/8ab9f32b-2123-42ab-abbe-82cfa9a9237d\" rel=\"nofollow noopener\" target=\"_blank\">Iltalehti<\/a>.\u00a0<\/p>\n<p><img loading=\"lazy\"   alt=\"\"\/><\/p>\n<p>Krista P\u00e4rm\u00e4koski har meddelat att hon kommer bryta Tour de ski.<\/p>\n<p>Foto: KALLE PARKKINEN \/ BILDBYR\u00c5N<\/p>\n<p>\u00d6ppna bild i helsk\u00e4rm<img loading=\"lazy\"   alt=\"\"\/><\/p>\n<p>Stj\u00e4rn\u00e5karen p\u00e5 herrsidan, Iivo Niskanen, har redan kastat in handduken.<\/p>\n<p>Foto: KALLE PARKKINEN \/ BILDBYR\u00c5N<\/p>\n<p>\u00d6ppna bild i helsk\u00e4rm<\/p>\n<p>Starten p\u00e5 2026 kunde inte bli mycket s\u00e4mre \u00e4n vad den blev f\u00f6r Finland.\u00a0<\/p>\n<p>Tidigt p\u00e5 morgonen vaknade Lauri Vuorinen med sjukdom i kroppen och reste genast hem fr\u00e5n touren.\u00a0<\/p>\n<p>Sen, direkt efter herrarnas jaktstart p\u00e5 20 kilometer s\u00e5 br\u00f6t b\u00e5de Niko Anttola och storstj\u00e4rnan Iivo Niskanen touren.\u00a0<\/p>\n<p>Det stannade inte med dem. Efter damloppet, d\u00e4r hon slutade p\u00e5 46:e plats br\u00f6t \u00e4ven Krista P\u00e4rm\u00e4koski.\u00a0<\/p>\n<p>Enligt <a href=\"https:\/\/www.is.fi\/maastohiihto\/art-2000011723961.html\" rel=\"nofollow noopener\" target=\"_blank\">Iltasanomat<\/a> best\u00e4mde hon sig under loppets g\u00e5ng f\u00f6r att bryta, n\u00e5got hon meddelade sin tr\u00e4nare Reijo Jylh\u00e4 om.\u00a0<\/p>\n<p>\u2013 Han sa att ett g\u00e4ng skulle \u00e5ka till M\u00fcnchens flygplats under eftermiddagen. Jag skrek att de inte skulle l\u00e4mna mig h\u00e4r, s\u00e4ger hon.\u00a0<\/p>\n<p>Kris i Finland: \u201dEn kollaps\u201d<\/p>\n<p>Med Iivo Niskanen borta \u00e4r Perttu Hyv\u00e4rinen b\u00e4ste finl\u00e4ndare p\u00e5 en 18:e plats i totalen.\u00a0<\/p>\n<p>P\u00e5 damsidan har Finland tre stycken bland de tio b\u00e4sta, Jasmi Joensuu \u00e4r fyra, Johanna Matintalo sexa och Kerttu Niskanen \u00e4r sjua.\u00a0<\/p>\n<p>Men \u00e4n s\u00e5 l\u00e4nge har de finska \u00e5karna inte lyckats ta en enda pallplats under v\u00e4rldscupss\u00e4songen. Tidningen <a href=\"https:\/\/www.iltalehti.fi\/talviurheilu\/a\/8ab9f32b-2123-42ab-abbe-82cfa9a9237d\" rel=\"nofollow noopener\" target=\"_blank\">Iltalheti<\/a> kallar det f\u00f6r \u201den kollaps\u201d.\u00a0<\/p>\n<p>\u2013 B\u00e5da syskonen Niskanen och Krista P\u00e4rm\u00e4koski har varit de st\u00f6rsta besvikelserna om man ser till ut\u00f6vare som har chansen att vara topp tre, s\u00e4ger Iltalehtis expert Pirjo Muranen.\u00a0<\/p>\n<p>Hon hoppas p\u00e5 att Joensuu bryter den trenden n\u00e4r det vankas klassisk sprint p\u00e5 l\u00f6rdag. F\u00f6r hon menar att hela det finska landslaget lider av bristen p\u00e5 framg\u00e5ng just nu.<\/p>\n<p>\u2013 Det finns ett litet m\u00f6rkt moln som sv\u00e4var ovanf\u00f6r \u00e5karna just nu, s\u00e4ger hon.\u00a0<\/p>\n","protected":false},"excerpt":{"rendered":"Publicerad 2 jan 2026 kl 10.11Uppdaterad kl 10.19 Det r\u00e5der krisst\u00e4mning i Finland.\u00a0 Under g\u00e5rdagen l\u00e4mnade flera stj\u00e4rnor&hellip;\n","protected":false},"author":2,"featured_media":123330,"comment_status":"","ping_status":"","sticky":false,"template":"","format":"standard","meta":{"footnotes":""},"categories":[5],"tags":[22,23,26,27,17,21,24,25,28,29,15,16,12204,18,34,857,31,33,32,30,19,20],"class_list":{"0":"post-123329","1":"post","2":"type-post","3":"status-publish","4":"format-standard","5":"has-post-thumbnail","7":"category-rubriker","8":"tag-breaking-news","9":"tag-breakingnews","10":"tag-featured-news","11":"tag-featurednews","12":"tag-headlines","13":"tag-huvudnyheter","14":"tag-latest-news","15":"tag-latestnews","16":"tag-main-news","17":"tag-mainnews","18":"tag-news","19":"tag-nyheter","20":"tag-organization-tour-de-ski","21":"tag-rubriker","22":"tag-se","23":"tag-sections-langdskidor","24":"tag-svenska","25":"tag-sverige","26":"tag-sweden","27":"tag-swedish","28":"tag-top-stories","29":"tag-topstories"},"share_on_mastodon":{"url":"https:\/\/pubeurope.com\/@se\/115824792912204603","error":""},"_links":{"self":[{"href":"https:\/\/www.europesays.com\/se\/wp-json\/wp\/v2\/posts\/123329","targetHints":{"allow":["GET"]}}],"collection":[{"href":"https:\/\/www.europesays.com\/se\/wp-json\/wp\/v2\/posts"}],"about":[{"href":"https:\/\/www.europesays.com\/se\/wp-json\/wp\/v2\/types\/post"}],"author":[{"embeddable":true,"href":"https:\/\/www.europesays.com\/se\/wp-json\/wp\/v2\/users\/2"}],"replies":[{"embeddable":true,"href":"https:\/\/www.europesays.com\/se\/wp-json\/wp\/v2\/comments?post=123329"}],"version-history":[{"count":0,"href":"https:\/\/www.europesays.com\/se\/wp-json\/wp\/v2\/posts\/123329\/revisions"}],"wp:featuredmedia":[{"embeddable":true,"href":"https:\/\/www.europesays.com\/se\/wp-json\/wp\/v2\/media\/123330"}],"wp:attachment":[{"href":"https:\/\/www.europesays.com\/se\/wp-json\/wp\/v2\/media?parent=123329"}],"wp:term":[{"taxonomy":"category","embeddable":true,"href":"https:\/\/www.europesays.com\/se\/wp-json\/wp\/v2\/categories?post=123329"},{"taxonomy":"post_tag","embeddable":true,"href":"https:\/\/www.europesays.com\/se\/wp-json\/wp\/v2\/tags?post=123329"}],"curies":[{"name":"wp","href":"https:\/\/api.w.org\/{rel}","templated":true}]}}