{"id":12335,"date":"2025-08-24T08:21:07","date_gmt":"2025-08-24T08:21:07","guid":{"rendered":"https:\/\/www.europesays.com\/se\/12335\/"},"modified":"2025-08-24T08:21:07","modified_gmt":"2025-08-24T08:21:07","slug":"allsvenska-kulisserna-engelska-klubbar-jagar-gais-spelaren-allsvenskan","status":"publish","type":"post","link":"https:\/\/www.europesays.com\/se\/12335\/","title":{"rendered":"Allsvenska kulisserna: Engelska klubbar jagar Gais-spelaren | Allsvenskan"},"content":{"rendered":"<p>Publicerad 24 aug 2025 kl 09.12Uppdaterad kl 10.00<\/p>\n<p>PremiumExpressens Anel Avdic ger dig de senaste nyheterna och avsl\u00f6jandena i Allsvenska kulisserna.<\/p>\n<p>Den h\u00e4r veckan om bland annat&#8230;<\/p>\n<p> Engelska klubbar jagar Gais-spelaren<\/p>\n<p> Utl\u00e4ndsk klubb f\u00f6rh\u00f6rde sig om Djurg\u00e5rdsstj\u00e4rnan<\/p>\n<p> H\u00e4r kan Santi Haarala hamna innan transferdeadline<\/p>\n<p> D\u00e5 kan IFK Norrk\u00f6ping v\u00e4rva fr\u00e5n allsvenska rivalen<\/p>\n<p> Utl\u00e4ndsk storklubb f\u00f6rs\u00f6ker hitta l\u00f6sning med Gais<\/p>\n<p><img   alt=\"\"\/>\u00d6ppna bild i helsk\u00e4rm<\/p>\n","protected":false},"excerpt":{"rendered":"Publicerad 24 aug 2025 kl 09.12Uppdaterad kl 10.00 PremiumExpressens Anel Avdic ger dig de senaste nyheterna och avsl\u00f6jandena&hellip;\n","protected":false},"author":2,"featured_media":12336,"comment_status":"","ping_status":"","sticky":false,"template":"","format":"standard","meta":{"footnotes":""},"categories":[68],"tags":[131,554,665,1045,103,34,130,129,111,110,31,33,32,30],"class_list":{"0":"post-12335","1":"post","2":"type-post","3":"status-publish","4":"format-standard","5":"has-post-thumbnail","7":"category-sport","8":"tag-organization-aik-fotboll","9":"tag-organization-djurgarden-fotboll","10":"tag-organization-gais","11":"tag-organization-ifk-norrkoping","12":"tag-premium","13":"tag-se","14":"tag-sections-allsvenskan","15":"tag-sections-fotboll","16":"tag-sport","17":"tag-sports","18":"tag-svenska","19":"tag-sverige","20":"tag-sweden","21":"tag-swedish"},"share_on_mastodon":{"url":"","error":""},"_links":{"self":[{"href":"https:\/\/www.europesays.com\/se\/wp-json\/wp\/v2\/posts\/12335","targetHints":{"allow":["GET"]}}],"collection":[{"href":"https:\/\/www.europesays.com\/se\/wp-json\/wp\/v2\/posts"}],"about":[{"href":"https:\/\/www.europesays.com\/se\/wp-json\/wp\/v2\/types\/post"}],"author":[{"embeddable":true,"href":"https:\/\/www.europesays.com\/se\/wp-json\/wp\/v2\/users\/2"}],"replies":[{"embeddable":true,"href":"https:\/\/www.europesays.com\/se\/wp-json\/wp\/v2\/comments?post=12335"}],"version-history":[{"count":0,"href":"https:\/\/www.europesays.com\/se\/wp-json\/wp\/v2\/posts\/12335\/revisions"}],"wp:featuredmedia":[{"embeddable":true,"href":"https:\/\/www.europesays.com\/se\/wp-json\/wp\/v2\/media\/12336"}],"wp:attachment":[{"href":"https:\/\/www.europesays.com\/se\/wp-json\/wp\/v2\/media?parent=12335"}],"wp:term":[{"taxonomy":"category","embeddable":true,"href":"https:\/\/www.europesays.com\/se\/wp-json\/wp\/v2\/categories?post=12335"},{"taxonomy":"post_tag","embeddable":true,"href":"https:\/\/www.europesays.com\/se\/wp-json\/wp\/v2\/tags?post=12335"}],"curies":[{"name":"wp","href":"https:\/\/api.w.org\/{rel}","templated":true}]}}