{"id":123373,"date":"2026-01-02T10:13:14","date_gmt":"2026-01-02T10:13:14","guid":{"rendered":"https:\/\/www.europesays.com\/se\/123373\/"},"modified":"2026-01-02T10:13:14","modified_gmt":"2026-01-02T10:13:14","slug":"xi-nyarstalade-lovar-att-aterforena-taiwan-med-kina","status":"publish","type":"post","link":"https:\/\/www.europesays.com\/se\/123373\/","title":{"rendered":"Xi ny\u00e5rstalade \u2013 lovar att \u00e5terf\u00f6rena Taiwan med Kina"},"content":{"rendered":"<p>Den kinesiska presidenten Xi Jinping lovade i sitt ny\u00e5rstal att \u00e5terf\u00f6rena Taiwan med resten av Kina, skriver The Guardian. Enligt Xi \u00e4r \u201d\u00e5terf\u00f6reningen med moderlandet ostoppbar\u201d.<\/p>\n<p>Talet h\u00f6lls bara ett dygn efter att Kina avslutat en massiv milit\u00e4r\u00f6vning i luften och p\u00e5 havet runt Taiwan. \u00d6n \u00e4r i praktiken sj\u00e4lvstyrande sedan 1949, men det kinesiska kommuniststyret ser den som en del av Kina och har l\u00e4nge lovat att ta kontroll, med v\u00e5ld om s\u00e5 kr\u00e4vs.<\/p>\n<p>Samtidigt lovade den taiwanesiska presidenten Lai Ching-te att f\u00f6rsvara \u00f6ns suver\u00e4nitet. Han uppmanade ocks\u00e5 till nationell sammanh\u00e5llning och en god relation mellan landets olika politiska partier.<\/p>\n<p>\u2013 Endast genom enighet, inte splittring, kan vi undvika att s\u00e4nda fel signaler till Kina om att de skulle kunna invadera Taiwan, sa Lai. <\/p>\n<p>Omni \u00e4r politiskt obundna och oberoende. Vi str\u00e4var efter att ge fler perspektiv p\u00e5 nyheterna. Har du fr\u00e5gor eller synpunkter kring v\u00e5r rapportering? <a href=\"https:\/\/omni.se\/xi-nyarstalade-lovar-att-aterforena-taiwan-med-kina\/a\/mailto:redaktion@omni.se\" class=\"ArticleActions_contactLink__W2F1M\" rel=\"nofollow noopener\" target=\"_blank\">Kontakta redaktionen<\/a><\/p>\n","protected":false},"excerpt":{"rendered":"Den kinesiska presidenten Xi Jinping lovade i sitt ny\u00e5rstal att \u00e5terf\u00f6rena Taiwan med resten av Kina, skriver The&hellip;\n","protected":false},"author":2,"featured_media":123374,"comment_status":"","ping_status":"","sticky":false,"template":"","format":"standard","meta":{"footnotes":""},"categories":[14],"tags":[420,22,23,26,27,17,21,549,2225,24,25,28,29,15,16,18,34,31,33,32,30,846,19,20,51,52,53,54,2223],"class_list":{"0":"post-123373","1":"post","2":"type-post","3":"status-publish","4":"format-standard","5":"has-post-thumbnail","7":"category-varlden","8":"tag-asien","9":"tag-breaking-news","10":"tag-breakingnews","11":"tag-featured-news","12":"tag-featurednews","13":"tag-headlines","14":"tag-huvudnyheter","15":"tag-kina","16":"tag-kinesisk-politik","17":"tag-latest-news","18":"tag-latestnews","19":"tag-main-news","20":"tag-mainnews","21":"tag-news","22":"tag-nyheter","23":"tag-rubriker","24":"tag-se","25":"tag-svenska","26":"tag-sverige","27":"tag-sweden","28":"tag-swedish","29":"tag-taiwan","30":"tag-top-stories","31":"tag-topstories","32":"tag-varlden","33":"tag-world","34":"tag-world-news","35":"tag-worldnews","36":"tag-xi-jinping"},"share_on_mastodon":{"url":"https:\/\/pubeurope.com\/@se\/115824977724946227","error":""},"_links":{"self":[{"href":"https:\/\/www.europesays.com\/se\/wp-json\/wp\/v2\/posts\/123373","targetHints":{"allow":["GET"]}}],"collection":[{"href":"https:\/\/www.europesays.com\/se\/wp-json\/wp\/v2\/posts"}],"about":[{"href":"https:\/\/www.europesays.com\/se\/wp-json\/wp\/v2\/types\/post"}],"author":[{"embeddable":true,"href":"https:\/\/www.europesays.com\/se\/wp-json\/wp\/v2\/users\/2"}],"replies":[{"embeddable":true,"href":"https:\/\/www.europesays.com\/se\/wp-json\/wp\/v2\/comments?post=123373"}],"version-history":[{"count":0,"href":"https:\/\/www.europesays.com\/se\/wp-json\/wp\/v2\/posts\/123373\/revisions"}],"wp:featuredmedia":[{"embeddable":true,"href":"https:\/\/www.europesays.com\/se\/wp-json\/wp\/v2\/media\/123374"}],"wp:attachment":[{"href":"https:\/\/www.europesays.com\/se\/wp-json\/wp\/v2\/media?parent=123373"}],"wp:term":[{"taxonomy":"category","embeddable":true,"href":"https:\/\/www.europesays.com\/se\/wp-json\/wp\/v2\/categories?post=123373"},{"taxonomy":"post_tag","embeddable":true,"href":"https:\/\/www.europesays.com\/se\/wp-json\/wp\/v2\/tags?post=123373"}],"curies":[{"name":"wp","href":"https:\/\/api.w.org\/{rel}","templated":true}]}}