{"id":123408,"date":"2026-01-02T10:42:09","date_gmt":"2026-01-02T10:42:09","guid":{"rendered":"https:\/\/www.europesays.com\/se\/123408\/"},"modified":"2026-01-02T10:42:09","modified_gmt":"2026-01-02T10:42:09","slug":"kristin-austgulen-fosnas-bryter-tour-de-ski","status":"publish","type":"post","link":"https:\/\/www.europesays.com\/se\/123408\/","title":{"rendered":"Kristin Austgulen Fosn\u00e4s bryter Tour de ski"},"content":{"rendered":"<p>Publicerad 2 jan 2026 kl 11.19<\/p>\n<p>Kristin Austgulen Fosn\u00e4s bryter Tour de ski.\u00a0<\/p>\n<p>Anledningen?\u00a0<\/p>\n<p>Hon k\u00e4nner sig sliten.\u00a0<\/p>\n<p><img   alt=\"\"\/> <\/p>\n<p>Foto: GEPA PICTURES\/ MATTHIAS TRINKL \/ GEPA PICTURES BILDBYR\u00c5N<\/p>\n<p>\u00d6ppna bild i helsk\u00e4rm<\/p>\n<p>Hennes b\u00e4sta notering den h\u00e4r s\u00e4songen \u00e4r pallplatsen i sprintstafett i Davos d\u00e5 hon k\u00f6rde med Kristine Stav\u00e5s Skistad. H\u00e4r p\u00e5 <a href=\"https:\/\/www.expressen.se\/tagg\/organization\/tour-de-ski\/\" class=\"\" rel=\"nofollow noopener\" target=\"_blank\">Tour de ski<\/a> har Fosn\u00e4s inte riktigt f\u00e5tt det att st\u00e4mma.\u00a0<\/p>\n<p>Efter fyra etapper ligger hon 29:a i totalen och har en 15:e plats som sin b\u00e4sta insats.\u00a0<\/p>\n<p>I dag, n\u00e4r \u00e5karna har vilodag, best\u00e4mde sig norskan f\u00f6r att bryta.\u00a0<\/p>\n<p>Anledningen \u00e4r att hon \u00e4r sliten efter fyra lopp.\u00a0<\/p>\n<p>\u2013 Jag m\u00e4rker att kroppen min skulle m\u00e5 bra av att vila lite. N\u00e5got mer \u00e4n s\u00e5 \u00e4r det inte, s\u00e4ger Fosn\u00e4s.\u00a0<\/p>\n<p>I morgon forts\u00e4tter Tour de ski med en klassisk sprint p\u00e5 den kommande OS-banan innan allting avslutas med kl\u00e4ttring uppf\u00f6r Alpe cermis p\u00e5 s\u00f6ndag.\u00a0<\/p>\n","protected":false},"excerpt":{"rendered":"Publicerad 2 jan 2026 kl 11.19 Kristin Austgulen Fosn\u00e4s bryter Tour de ski.\u00a0 Anledningen?\u00a0 Hon k\u00e4nner sig sliten.\u00a0&hellip;\n","protected":false},"author":2,"featured_media":123409,"comment_status":"","ping_status":"","sticky":false,"template":"","format":"standard","meta":{"footnotes":""},"categories":[68],"tags":[12204,34,857,111,110,31,33,32,30],"class_list":{"0":"post-123408","1":"post","2":"type-post","3":"status-publish","4":"format-standard","5":"has-post-thumbnail","7":"category-sport","8":"tag-organization-tour-de-ski","9":"tag-se","10":"tag-sections-langdskidor","11":"tag-sport","12":"tag-sports","13":"tag-svenska","14":"tag-sverige","15":"tag-sweden","16":"tag-swedish"},"share_on_mastodon":{"url":"https:\/\/pubeurope.com\/@se\/115825091771494380","error":""},"_links":{"self":[{"href":"https:\/\/www.europesays.com\/se\/wp-json\/wp\/v2\/posts\/123408","targetHints":{"allow":["GET"]}}],"collection":[{"href":"https:\/\/www.europesays.com\/se\/wp-json\/wp\/v2\/posts"}],"about":[{"href":"https:\/\/www.europesays.com\/se\/wp-json\/wp\/v2\/types\/post"}],"author":[{"embeddable":true,"href":"https:\/\/www.europesays.com\/se\/wp-json\/wp\/v2\/users\/2"}],"replies":[{"embeddable":true,"href":"https:\/\/www.europesays.com\/se\/wp-json\/wp\/v2\/comments?post=123408"}],"version-history":[{"count":0,"href":"https:\/\/www.europesays.com\/se\/wp-json\/wp\/v2\/posts\/123408\/revisions"}],"wp:featuredmedia":[{"embeddable":true,"href":"https:\/\/www.europesays.com\/se\/wp-json\/wp\/v2\/media\/123409"}],"wp:attachment":[{"href":"https:\/\/www.europesays.com\/se\/wp-json\/wp\/v2\/media?parent=123408"}],"wp:term":[{"taxonomy":"category","embeddable":true,"href":"https:\/\/www.europesays.com\/se\/wp-json\/wp\/v2\/categories?post=123408"},{"taxonomy":"post_tag","embeddable":true,"href":"https:\/\/www.europesays.com\/se\/wp-json\/wp\/v2\/tags?post=123408"}],"curies":[{"name":"wp","href":"https:\/\/api.w.org\/{rel}","templated":true}]}}