{"id":123442,"date":"2026-01-02T11:12:21","date_gmt":"2026-01-02T11:12:21","guid":{"rendered":"https:\/\/www.europesays.com\/se\/123442\/"},"modified":"2026-01-02T11:12:21","modified_gmt":"2026-01-02T11:12:21","slug":"positiv-inledning-pa-borsaret-i-asien-openai-tar-fram-ai-penna-bostadspriserna-foll-i-december-och-pa-helaret-cornucopia","status":"publish","type":"post","link":"https:\/\/www.europesays.com\/se\/123442\/","title":{"rendered":"Positiv inledning p\u00e5 b\u00f6rs\u00e5ret i Asien \u2013 OpenAI tar fram AI-penna \u2013 bostadspriserna f\u00f6ll i december och p\u00e5 hel\u00e5ret \u2013 Cornucopia?"},"content":{"rendered":"<p>\t\t\t382<\/p>\n<p>B\u00f6rs\u00e5ret inleds positivt i de asiatiska tidszonerna och b\u00f6rserna stiger, \u00e4ven om CNN:s skr\u00e4ckindex \u00e4r tillbaka p\u00e5 r\u00e4dsla. OpenAI h\u00e5ller p\u00e5 att ta fram en AI-penna tillsammans med Apples tidigare chefsdesigner Ive. Bostadspriserna f\u00f6ll som v\u00e4ntat i december. Mer ov\u00e4ntat var att de backade p\u00e5 hel\u00e5ret trots h\u00f6gre reall\u00f6ner och l\u00e4gre r\u00e4ntor.<\/p>\n<p><img loading=\"lazy\" decoding=\"async\" width=\"2048\" height=\"1536\" src=\"https:\/\/www.europesays.com\/se\/wp-content\/uploads\/2026\/01\/bostads_insjo_bastu-2048x1536.jpeg\" alt=\"\" class=\"wp-image-167902\"  \/>F\u00f6ll i pris i december<\/p>\n<p>Inte s\u00e5 mycket att rapportera om b\u00f6rserna p\u00e5 grund av st\u00e4ngt ig\u00e5r och ingen ny vecka, men b\u00f6rserna i de asiatiska tidszonerna har \u00f6ppet under morgonen, undantaget Tokyob\u00f6rsen verkar det som. Och i Australien inleder ASX 200 \u00e5ret med +0.15%, i Hong Kong skenar Hang Seng med +2.73%, i Sydkorea f\u00f6rs\u00f6ker KOSPI h\u00e5lla takt med +2.27% och i Singapore \u00e4r det lite m\u00e5ttligare +0.68%.<\/p>\n<p>Dollarn st\u00e4rks mot kronan till 9:22 SEK vilket drar upp guldpriset till 1 295:- SEK per gram och silverpriset till 21:90 SEK per gram. Euron \u00e4r stabil p\u00e5 10:81 SEK.<\/p>\n<p>CNN:s Fear &amp; Greed Index \u00e4r nere p\u00e5 44 och precis tillbaka p\u00e5 r\u00e4dsla.<\/p>\n<p><img loading=\"lazy\" decoding=\"async\" width=\"2048\" height=\"1536\" src=\"https:\/\/www.europesays.com\/se\/wp-content\/uploads\/2026\/01\/prylar_pennor_philips_uni_powertank-2048x1536.jpeg\" alt=\"\" class=\"wp-image-167903\"  \/>En Uni Powertank Eco samt bloggarens Philips inspelningspenna, d\u00e4r inspelningarna sedan transkriberas lokalt p\u00e5 datorn via MacWhisper och lokala AI-modeller f\u00f6r \u00e4ndam\u00e5let. Mycket anv\u00e4ndbart p\u00e5 f\u00f6rel\u00e4sningar, konferenser och seminarier d\u00e5 man slipper ta anteckningar.<\/p>\n<p><strong>OpenAI ska enligt l\u00e4ckor h\u00e5lla p\u00e5 att ta fram en AI-penna tillsammans med Apples fd chefsdesigner Ive<\/strong>, vars bolag Io f\u00f6rv\u00e4rvades av Open AI tidigare. Pennan ska dels transkribera det man skriver och \u00e4ven kunna spela in ljud, vilket rimligvis ocks\u00e5 transkriberas till text. Tanken ska bland annat var aatt det ska vara en icke-st\u00f6rande sk\u00e4rml\u00f6s pryl i kontrast mot de enligt Ive uppm\u00e4rksamhets- och livsinkr\u00e4ktande mobiltelefoner \u00e4r idag. OpenAI h\u00e5ller dock p\u00e5 att <a href=\"https:\/\/the-decoder.com\/openai-merges-internal-teams-to-fix-audio-ai-accuracy-gap-ahead-of-chatgpt-hardware-push\/\" rel=\"nofollow noopener\" target=\"_blank\">f\u00f6rb\u00e4ttra sina ljudmodeller<\/a> f\u00f6r att bli b\u00e4ttre och snabbare f\u00f6r att kunna hantera realtid med anledning av sina h\u00e5rdvaruprojekt.<\/p>\n<p>Ska man spekulera h\u00e4r s\u00e5 kommer pennan vara uppkopplad med Bluetooth till en mobiltelefon och app, som sedan skickar upp allt du h\u00f6r och allt du skriver till OpenAI:s moln d\u00e4r det tolkas och registreras. Miljontals m\u00e4nniskor kommer g\u00e5 runt och spela in varenda konversation inklusive s\u00e5dana de sj\u00e4lva inte deltar i (vilket \u00e4r olagligt \u2013 man f\u00e5r spela in diskussioner man sj\u00e4lv deltar i) och dela med sig av den till den amerikanska AI-j\u00e4tten.<\/p>\n<p>Det blir bra det h\u00e4r. Inte livsinkr\u00e4ktande alls. Det hela \u00e4r f\u00f6rst\u00e5s inte bekr\u00e4ftat, utan <a href=\"https:\/\/in.mashable.com\/tech\/104109\/openais-mystery-device-by-jony-ive-could-be-a-pen-new-leak-reveals\" rel=\"nofollow noopener\" target=\"_blank\">baserar sig p\u00e5 en l\u00e4cka<\/a>.<\/p>\n<p>F\u00f6r egen del brukar Lena s\u00e4ga att jag borde blivit l\u00e4kare, f\u00f6r inte ens jag sj\u00e4lv kan l\u00e4sa vad jag skriver. Misst\u00e4nker att OpenAI inte heller skulle klara av det.<\/p>\n<p><img loading=\"lazy\" decoding=\"async\" width=\"2048\" height=\"1365\" src=\"https:\/\/www.europesays.com\/se\/wp-content\/uploads\/2026\/01\/ystad_bostader_utsikt.jpg\" alt=\"\" class=\"wp-image-108029\"  \/>F\u00f6ll i pris. Eller ja, inte p\u00e5 fotot. Villorna i s\u00f6dra Sverige var de enda som steg i pris p\u00e5 hel\u00e5ret.<\/p>\n<p><a href=\"https:\/\/the-decoder.com\/openai-merges-internal-teams-to-fix-audio-ai-accuracy-gap-ahead-of-chatgpt-hardware-push\/\" rel=\"nofollow noopener\" target=\"_blank\">SBAB rapporterar<\/a> att <strong>bostadspriserna f\u00f6ll som v\u00e4ntat i december<\/strong>. Det \u00e4r normalt f\u00f6r s\u00e4songen och justerat f\u00f6r s\u00e4songseffekten steg priserna 0.1% i december. I faktiska pengar f\u00f6ll villapriserna dock med 1.1% och l\u00e4genhetspriserna med 0.7%.<\/p>\n<p>Totalt inneb\u00e4r det att priserna f\u00f6ll med 0.7% under 2025.<\/p>\n<p>SBAB:s chefsekonom s\u00e4ger:<\/p>\n<blockquote class=\"wp-block-quote is-layout-flow wp-block-quote-is-layout-flow\">\n<p>\u201cN\u00e4r vi sammanfattar hela 2025 s\u00e5 blir resultatet att bostadspriserna f\u00f6ll med 0,7 procent i genomsnitt f\u00f6r Sverige som helhet. Fallande bostadspriser under ett \u00e5r tillh\u00f6r inte vanligheterna och kan f\u00f6r 2025 vid en f\u00f6rsta anblick tyckas vara lite f\u00f6rv\u00e5nande eftersom b\u00e5de hush\u00e5llens realinkomster \u00f6kade och de r\u00f6rliga bol\u00e5ner\u00e4ntorna f\u00f6ll rej\u00e4lt. Samtidigt \u00e4r ett bostadsk\u00f6p en l\u00e5ngsiktig investering och tittar man p\u00e5 hur de l\u00e4ngre bundna bol\u00e5ner\u00e4ntorna f\u00f6r\u00e4ndrats under \u00e5ret s\u00e5 ligger de kvar p\u00e5 ungef\u00e4r samma niv\u00e5 som de gjorde i slutet av 2024 och f\u00f6rv\u00e4ntas dessutom stiga lite fram\u00f6ver.\u201d<\/p>\n<\/blockquote>\n<p>Det skiljer sig f\u00f6rst\u00e5s inom landet. B\u00e4st gick priserna i Stormalm\u00f6 d\u00e4r de steg +3.1% f\u00f6r l\u00e4genheter, mot +0.1% i Storstockholm efter att priserna i huvudstaden f\u00f6ll med -1.2% i december, och s\u00e4mst i s\u00f6dra Sverige med -2.1%. Villapriserna gick som s\u00e4mst i Storstockholm med -4.3% och som b\u00e4st i s\u00f6dra Sverige med +1.2%.<\/p>\n<p>Kanske v\u00e4ntar k\u00f6parna p\u00e5 de nya bol\u00e5nereglerna och d\u00e4rf\u00f6r har inte vare sig h\u00f6jda reall\u00f6ner eller s\u00e4nkta r\u00e4ntor lyckats dra upp bostadspriserna. Eller s\u00e5 har folk helt enkelt tr\u00f6ttnat p\u00e5 att t\u00e4vla om vem som kan bel\u00e5na sig mest f\u00f6r att k\u00f6pa en befintlig bostad.<\/p>\n<p>Januari \u00e4r \u00e5rets starkaste m\u00e5nad f\u00f6r bostadspriserna, s\u00e5 nu tar det fart igen. Skilsm\u00e4ssorna och separationerna efter julhelgen kr\u00e4ver sina bostadsaff\u00e4rer.<\/p>\n<p>Nedanst\u00e5ende \u00e4r inneh\u00e5ll fr\u00e5n bloggens samarbetspartner Compricer<br \/><\/p>\n","protected":false},"excerpt":{"rendered":"382 B\u00f6rs\u00e5ret inleds positivt i de asiatiska tidszonerna och b\u00f6rserna stiger, \u00e4ven om CNN:s skr\u00e4ckindex \u00e4r tillbaka p\u00e5&hellip;\n","protected":false},"author":2,"featured_media":123443,"comment_status":"","ping_status":"","sticky":false,"template":"","format":"standard","meta":{"footnotes":""},"categories":[5],"tags":[22,23,26,27,17,21,24,25,28,29,15,16,18,34,31,33,32,30,19,20],"class_list":{"0":"post-123442","1":"post","2":"type-post","3":"status-publish","4":"format-standard","5":"has-post-thumbnail","7":"category-rubriker","8":"tag-breaking-news","9":"tag-breakingnews","10":"tag-featured-news","11":"tag-featurednews","12":"tag-headlines","13":"tag-huvudnyheter","14":"tag-latest-news","15":"tag-latestnews","16":"tag-main-news","17":"tag-mainnews","18":"tag-news","19":"tag-nyheter","20":"tag-rubriker","21":"tag-se","22":"tag-svenska","23":"tag-sverige","24":"tag-sweden","25":"tag-swedish","26":"tag-top-stories","27":"tag-topstories"},"share_on_mastodon":{"url":"https:\/\/pubeurope.com\/@se\/115825209687220587","error":""},"_links":{"self":[{"href":"https:\/\/www.europesays.com\/se\/wp-json\/wp\/v2\/posts\/123442","targetHints":{"allow":["GET"]}}],"collection":[{"href":"https:\/\/www.europesays.com\/se\/wp-json\/wp\/v2\/posts"}],"about":[{"href":"https:\/\/www.europesays.com\/se\/wp-json\/wp\/v2\/types\/post"}],"author":[{"embeddable":true,"href":"https:\/\/www.europesays.com\/se\/wp-json\/wp\/v2\/users\/2"}],"replies":[{"embeddable":true,"href":"https:\/\/www.europesays.com\/se\/wp-json\/wp\/v2\/comments?post=123442"}],"version-history":[{"count":0,"href":"https:\/\/www.europesays.com\/se\/wp-json\/wp\/v2\/posts\/123442\/revisions"}],"wp:featuredmedia":[{"embeddable":true,"href":"https:\/\/www.europesays.com\/se\/wp-json\/wp\/v2\/media\/123443"}],"wp:attachment":[{"href":"https:\/\/www.europesays.com\/se\/wp-json\/wp\/v2\/media?parent=123442"}],"wp:term":[{"taxonomy":"category","embeddable":true,"href":"https:\/\/www.europesays.com\/se\/wp-json\/wp\/v2\/categories?post=123442"},{"taxonomy":"post_tag","embeddable":true,"href":"https:\/\/www.europesays.com\/se\/wp-json\/wp\/v2\/tags?post=123442"}],"curies":[{"name":"wp","href":"https:\/\/api.w.org\/{rel}","templated":true}]}}