{"id":123450,"date":"2026-01-02T11:18:08","date_gmt":"2026-01-02T11:18:08","guid":{"rendered":"https:\/\/www.europesays.com\/se\/123450\/"},"modified":"2026-01-02T11:18:08","modified_gmt":"2026-01-02T11:18:08","slug":"trump-hotar-iran-efter-dodliga-protester","status":"publish","type":"post","link":"https:\/\/www.europesays.com\/se\/123450\/","title":{"rendered":"Trump hotar Iran efter d\u00f6dliga protester"},"content":{"rendered":"<p>\u201dOm Iran skjuter och d\u00f6dar fredliga demonstranter, vilket \u00e4r deras sedv\u00e4nja, s\u00e5 kommer USA att komma till deras r\u00e4ddning\u201d, skriver Trump p\u00e5 sin plattform Truth Social och till\u00e4gger att man \u00e4r \u201dredo\u201d.Ali Larijani, talesperson f\u00f6r Irans nationella s\u00e4kerhetsr\u00e5d, svarar p\u00e5 X och anklagar USA och Israel f\u00f6r att ligga bakom protesterna.Det var i s\u00f6ndags som butiks\u00e4gare i Te<\/p>\n","protected":false},"excerpt":{"rendered":"\u201dOm Iran skjuter och d\u00f6dar fredliga demonstranter, vilket \u00e4r deras sedv\u00e4nja, s\u00e5 kommer USA att komma till deras&hellip;\n","protected":false},"author":2,"featured_media":123451,"comment_status":"","ping_status":"","sticky":false,"template":"","format":"standard","meta":{"footnotes":""},"categories":[14],"tags":[22,23,26,27,17,21,24,25,28,29,15,16,18,34,31,33,32,30,19,20,51,52,53,54],"class_list":{"0":"post-123450","1":"post","2":"type-post","3":"status-publish","4":"format-standard","5":"has-post-thumbnail","7":"category-varlden","8":"tag-breaking-news","9":"tag-breakingnews","10":"tag-featured-news","11":"tag-featurednews","12":"tag-headlines","13":"tag-huvudnyheter","14":"tag-latest-news","15":"tag-latestnews","16":"tag-main-news","17":"tag-mainnews","18":"tag-news","19":"tag-nyheter","20":"tag-rubriker","21":"tag-se","22":"tag-svenska","23":"tag-sverige","24":"tag-sweden","25":"tag-swedish","26":"tag-top-stories","27":"tag-topstories","28":"tag-varlden","29":"tag-world","30":"tag-world-news","31":"tag-worldnews"},"share_on_mastodon":{"url":"https:\/\/pubeurope.com\/@se\/115825233262671027","error":""},"_links":{"self":[{"href":"https:\/\/www.europesays.com\/se\/wp-json\/wp\/v2\/posts\/123450","targetHints":{"allow":["GET"]}}],"collection":[{"href":"https:\/\/www.europesays.com\/se\/wp-json\/wp\/v2\/posts"}],"about":[{"href":"https:\/\/www.europesays.com\/se\/wp-json\/wp\/v2\/types\/post"}],"author":[{"embeddable":true,"href":"https:\/\/www.europesays.com\/se\/wp-json\/wp\/v2\/users\/2"}],"replies":[{"embeddable":true,"href":"https:\/\/www.europesays.com\/se\/wp-json\/wp\/v2\/comments?post=123450"}],"version-history":[{"count":0,"href":"https:\/\/www.europesays.com\/se\/wp-json\/wp\/v2\/posts\/123450\/revisions"}],"wp:featuredmedia":[{"embeddable":true,"href":"https:\/\/www.europesays.com\/se\/wp-json\/wp\/v2\/media\/123451"}],"wp:attachment":[{"href":"https:\/\/www.europesays.com\/se\/wp-json\/wp\/v2\/media?parent=123450"}],"wp:term":[{"taxonomy":"category","embeddable":true,"href":"https:\/\/www.europesays.com\/se\/wp-json\/wp\/v2\/categories?post=123450"},{"taxonomy":"post_tag","embeddable":true,"href":"https:\/\/www.europesays.com\/se\/wp-json\/wp\/v2\/tags?post=123450"}],"curies":[{"name":"wp","href":"https:\/\/api.w.org\/{rel}","templated":true}]}}