{"id":123452,"date":"2026-01-02T11:20:09","date_gmt":"2026-01-02T11:20:09","guid":{"rendered":"https:\/\/www.europesays.com\/se\/123452\/"},"modified":"2026-01-02T11:20:09","modified_gmt":"2026-01-02T11:20:09","slug":"sa-reser-vi-under-2026","status":"publish","type":"post","link":"https:\/\/www.europesays.com\/se\/123452\/","title":{"rendered":"S\u00e5 reser vi under 2026"},"content":{"rendered":"<p><strong>1.Medelhavet \u00e5ret runt &#8211; n\u00e4r l\u00e5gs\u00e4songen blir den nya h\u00f6gs\u00e4songen<\/strong><\/p>\n<p>Medelhavet \u00e4r inte l\u00e4ngre bara synonymt med temperaturer p\u00e5 \u00f6ver 25 grader och str\u00e5lande sol. L\u00e5gs\u00e4songen, d\u00e5 temperaturen \u00e4r l\u00e4gre och m\u00f6jligheten till kulturella och aktiva upplevelser \u00e4r optimal, blir alltmer popul\u00e4r. Ving hade 2025 sin l\u00e4ngsta sommars\u00e4song n\u00e5gonsin, d\u00e4r s\u00e4rskilt resor till Cypern l\u00e5ngt in november varit mycket efterfr\u00e5gade. Allt fler lockas av en aktiv semester i kombination med sol och bad och vi ser \u00e4ven ett \u00f6kat intresse f\u00f6r sk workations d\u00e4r man kombinerar semester med arbete p\u00e5 distans, vilket \u00e4r optimalt under b\u00e5de f\u00f6r-och efters\u00e4song<\/p>\n<p>-Vi ser en tydlig r\u00f6relse mot \u2018den nya sommars\u00e4songen. Sol och v\u00e4rme \u00e4r fortfarande det fr\u00e4msta sk\u00e4let till att man vill resa till sydligare breddgrader, men att kombinera det med olika aktiviteter och att uppleva en destination med alla sinnen blir allt st\u00f6rre. Och med ett behagligt klimat l\u00e5ngt in p\u00e5 h\u00f6sten blir aktiviteter inte heller en kamp mot v\u00e4rmen. Till de destinationer dit vi f\u00f6rl\u00e4ngt s\u00e4songerna har vi sett en markant \u00f6kning, med hela 47 procent. D\u00e4rf\u00f6r forts\u00e4tter vi \u00e4ven 2026 att b\u00e5de tidigarel\u00e4gga och f\u00f6rl\u00e4nga sommars\u00e4songen, s\u00e4ger Claes Pellvik, kommunikationschef Ving.<\/p>\n<p><strong>2. N\u00e4r \u201densam\u201d blir en social reseform<\/strong><\/p>\n<p>Soloresor har blivit en av de snabbast v\u00e4xande reseformerna i Sverige. Allt fler v\u00e4ljer att resa ensamma, men i sammanhang d\u00e4r gemenskap och flexibilitet g\u00e5r hand i hand. Trenden kommer ur en mer individualiserad vardag, d\u00e4r resen\u00e4rer vill ha friheten att resa solo men samtidigt ha m\u00f6jlighet att tr\u00e4ffa andra med samma intressen \u2013 utan krav p\u00e5 att delta i n\u00e5got man inte vill.<\/p>\n<p>-Intresset f\u00f6r solo-resor \u00e4r tydlig, s\u00e5v\u00e4l f\u00f6r tr\u00e4ningsresor som olika typer av gruppresor inom ramen f\u00f6r \u201dVing Solo\u201d-konceptet. I det senare arrangerar vi tex flera solo-resor med gemenskap f\u00f6r bla m\u00e5lgruppen 50+. Gemenskapen finns d\u00e4r om man \u00f6nskar, men \u00e4r aldrig p\u00e5tvingad, och just denna balans g\u00f6r formatet attraktivt f\u00f6r b\u00e5de yngre vuxna, ensamst\u00e5ende f\u00f6r\u00e4ldrar och seniorer, s\u00e4ger Claes Pellvik.<\/p>\n<p>Internationella reseunders\u00f6kningar pekar \u00e5t samma h\u00e5ll: fler resen\u00e4rer anger att de aktivt s\u00f6ker hotell och semesterformer som g\u00f6r det enkelt att resa ensam och samtidigt tr\u00e4ffa andra. Unders\u00f6kningar visar dessutom att social gemenskap \u00e4r en av de viktigaste motivationsfaktorerna bland soloresen\u00e4rer 2026.<\/p>\n<p><strong>3. Naturen kallar<\/strong><\/p>\n<p>En av de tydligaste trenderna f\u00f6r 2026 \u00e4r s\u00f6kandet efter \u00e5terh\u00e4mtning och avkoppling. Resen\u00e4rer v\u00e4nder mer och mer blicken mot naturen, inte f\u00f6r att fylla dagarna med aktiviteter, utan f\u00f6r att s\u00e4nka tempot och skapa ett andrum fr\u00e5n en annars intensiv vardag. Internationella analyser visar att fler vill ha semestrar d\u00e4r landskap, klimat och tystnad i sig \u00e4r i centrum \u2013 en plats d\u00e4r man kan koppla av, hitta ny energi och l\u00e5ta mobilen ligga kvar i v\u00e4skan lite l\u00e4ngre. \u00a0<\/p>\n<p>Trenden syns tydligt i efterfr\u00e5gan till naturrika destinationer som Madeira, Teneriffa, Gran Canaria, Kreta och Mallorca, i synnerhet i f\u00f6r-och efters\u00e4song. F\u00f6r m\u00e5nga kan naturupplevelser ocks\u00e5 bli ett s\u00e4tt att \u00e5teruppt\u00e4cka destinationer de redan tidigare bes\u00f6kt, men kan ocks\u00e5 bidra till att \u00f6ka intresset f\u00f6r helt nya destinationer som tex Albanien som Ving lanserar till sommaren 2026, d\u00e4r n\u00e4rheten till vackra bergsmassiv och sp\u00e4nnande utflyktsm\u00e5l lockar.<\/p>\n<p>-Tyst lyx har blivit en tydlig motreaktion p\u00e5 ett hektiskt vardagsliv. Och att ta en avstickare fr\u00e5n de klassiska turistomr\u00e5dena och uppleva de spektakul\u00e4ra naturupplevelser som m\u00e5nga destinationer har att erbjuda kan bli berikande p\u00e5 m\u00e5nga s\u00e4tt. F\u00f6r m\u00e5nga handlar semestern idag om att andas djupt, vara n\u00e4ra naturen och l\u00e5ta axlarna sjunka ner. Det \u00e4r en del av den on-demand-v\u00e5g vi ser \u2013 vissa g\u00e4ster s\u00f6ker aktivitet, andra total ro, s\u00e4ger Claes Pellvik.<\/p>\n<p><strong>4. Passion f\u00f6re destination<\/strong><\/p>\n<p>2026 blir passion i \u00e4nnu h\u00f6gre grad utg\u00e5ngspunkten f\u00f6r semesterplaneringen. Allt fler planerar resor utifr\u00e5n det de brinner f\u00f6r: fotbollsmatcher, Formel 1, konserter, gastronomi, gaming-evenemang eller motionsupplevelser som padel, cykling och vandring. Destinationen \u00e4r inte l\u00e4ngre f\u00f6rsta prioritet \u2013 det \u00e4r upplevelsen, gemenskapen och intresset som styr valet.<\/p>\n<p>-S\u00e4rskilt yngre generationer reser m\u00e5lmedvetet d\u00e4r evenemang och nischintressen ofta styr, men trenden \u00e4r bred. M\u00e5nga kombinerar idag avkoppling med ett st\u00f6rre evenemang eller en semester med ett tydligt tema. Det flexibla formatet tilltalar b\u00e5de entusiaster och dem som vill ha en semester med ett varierat inneh\u00e5ll, s\u00e4ger Claes Pellvik, som betonar att trenden m\u00e4rks tydligt i efterfr\u00e5gan hos Ving, d\u00e4r resor med tr\u00e4ningsfokus, padel, dans, cykling och andra hobbybaserade koncept v\u00e4xer markant.<\/p>\n<p>Internationella unders\u00f6kningar visar samtidigt att en betydande andel resen\u00e4rer redan har rest med intresse som fr\u00e4msta drivkraft \u2013 och att formatet v\u00e4ntas bli \u00e4nnu st\u00f6rre 2026.<\/p>\n<p><strong>5. Semester p\u00e5 dina villkor<\/strong><\/p>\n<p>2026 blir \u00e5ret d\u00e5 semestern i \u00e4nnu h\u00f6gre grad blir en on-demand-upplevelse. Inspirerade av streaminglogiken f\u00f6rv\u00e4ntar sig resen\u00e4rer att semestern \u00e4r skr\u00e4ddarsydd efter deras livssituation, behov och \u00f6nskem\u00e5l \u2013 inte en \u201done-size-fits-all\u201d-paketl\u00f6sning.<\/p>\n<p>Det inneb\u00e4r \u00f6kad efterfr\u00e5gan p\u00e5 specialiserade hotellkoncept: barnfria vuxenhotell, hotell med starkt familjeinneh\u00e5ll, tr\u00e4ningshotell, wellnesshotell och resorts med tydlig profil och riktade aktiviteter. Resen\u00e4rer s\u00f6ker i allt h\u00f6gre grad upplevelser som passar exakt deras s\u00e4tt att semestra.<\/p>\n<p>Utvecklingen syns ocks\u00e5 i Vings eget produktsortiment. G\u00e4sterna v\u00e4ljer i allt h\u00f6gre grad koncepthotell som \u00e4r tydligt definierade \u2013 fr\u00e5n familjeorienterade Sunwing- och Ocean Beach Club-hotellen med starka barnkoncept till vuxenfokuserade Sunprime-hotell och andra vuxenprofilerade koncept. Bara under 2025 hade Ving 14 procent fler bokningar till barnfria vuxenhotell \u00e4n \u00e5ret innan, och j\u00e4mf\u00f6rt med 2023 har bokningarna \u00f6kat med 22 procent.<\/p>\n<p>-F\u00f6r m\u00e5nga g\u00e4ster handlar semestern inte l\u00e4ngre bara om destinationen. De vill veta vilken typ av upplevelse de f\u00e5r \u2013 om det \u00e4r lugn och ro, tr\u00e4ning, familjeaktiviteter eller en mer vuxen atmosf\u00e4r. Det \u00e4r en form av semesterkuratering, och vi ser en tydlig \u00f6kning i efterfr\u00e5gan p\u00e5 tydligt profilerade hotellkoncept, s\u00e4ger Claes Pellvik.\u00a0<\/p>\n<p>K\u00e4llor:\u00a0 Expedia, Skyscanner, Euromonitor International, Google Destination Insights, Forbes Travel, Booking.com m.fl.<\/p>\n","protected":false},"excerpt":{"rendered":"1.Medelhavet \u00e5ret runt &#8211; n\u00e4r l\u00e5gs\u00e4songen blir den nya h\u00f6gs\u00e4songen Medelhavet \u00e4r inte l\u00e4ngre bara synonymt med temperaturer&hellip;\n","protected":false},"author":2,"featured_media":123453,"comment_status":"","ping_status":"","sticky":false,"template":"","format":"standard","meta":{"footnotes":""},"categories":[5],"tags":[22,23,26,27,17,21,24,25,28,29,15,16,18,34,31,33,32,30,19,20],"class_list":{"0":"post-123452","1":"post","2":"type-post","3":"status-publish","4":"format-standard","5":"has-post-thumbnail","7":"category-rubriker","8":"tag-breaking-news","9":"tag-breakingnews","10":"tag-featured-news","11":"tag-featurednews","12":"tag-headlines","13":"tag-huvudnyheter","14":"tag-latest-news","15":"tag-latestnews","16":"tag-main-news","17":"tag-mainnews","18":"tag-news","19":"tag-nyheter","20":"tag-rubriker","21":"tag-se","22":"tag-svenska","23":"tag-sverige","24":"tag-sweden","25":"tag-swedish","26":"tag-top-stories","27":"tag-topstories"},"share_on_mastodon":{"url":"https:\/\/pubeurope.com\/@se\/115825241149446398","error":""},"_links":{"self":[{"href":"https:\/\/www.europesays.com\/se\/wp-json\/wp\/v2\/posts\/123452","targetHints":{"allow":["GET"]}}],"collection":[{"href":"https:\/\/www.europesays.com\/se\/wp-json\/wp\/v2\/posts"}],"about":[{"href":"https:\/\/www.europesays.com\/se\/wp-json\/wp\/v2\/types\/post"}],"author":[{"embeddable":true,"href":"https:\/\/www.europesays.com\/se\/wp-json\/wp\/v2\/users\/2"}],"replies":[{"embeddable":true,"href":"https:\/\/www.europesays.com\/se\/wp-json\/wp\/v2\/comments?post=123452"}],"version-history":[{"count":0,"href":"https:\/\/www.europesays.com\/se\/wp-json\/wp\/v2\/posts\/123452\/revisions"}],"wp:featuredmedia":[{"embeddable":true,"href":"https:\/\/www.europesays.com\/se\/wp-json\/wp\/v2\/media\/123453"}],"wp:attachment":[{"href":"https:\/\/www.europesays.com\/se\/wp-json\/wp\/v2\/media?parent=123452"}],"wp:term":[{"taxonomy":"category","embeddable":true,"href":"https:\/\/www.europesays.com\/se\/wp-json\/wp\/v2\/categories?post=123452"},{"taxonomy":"post_tag","embeddable":true,"href":"https:\/\/www.europesays.com\/se\/wp-json\/wp\/v2\/tags?post=123452"}],"curies":[{"name":"wp","href":"https:\/\/api.w.org\/{rel}","templated":true}]}}