{"id":123460,"date":"2026-01-02T11:26:19","date_gmt":"2026-01-02T11:26:19","guid":{"rendered":"https:\/\/www.europesays.com\/se\/123460\/"},"modified":"2026-01-02T11:26:19","modified_gmt":"2026-01-02T11:26:19","slug":"leo-xivs-fredsbudskap-pa-varldsdagen-for-fred-signum","status":"publish","type":"post","link":"https:\/\/www.europesays.com\/se\/123460\/","title":{"rendered":"Leo XIV:s fredsbudskap p\u00e5 V\u00e4rldsdagen f\u00f6r fred \u2013 Signum"},"content":{"rendered":"<p style=\"font-weight: 400;\">Vid b\u00f6rjan av det nya \u00e5ret uppmanar p\u00e5ven Leo XIV till omfattande beredskap till att skapa fred. Under v\u00e4rldsfredsdagens h\u00f6gm\u00e4ssa i Peterskyrkan betonade han att v\u00e4rlden inte r\u00e4ddas genom eller vapen eller genom \u201df\u00f6rd\u00f6mande, f\u00f6rtryck eller eliminering av br\u00f6der och systrar\u201d. Den r\u00e4ddas snarare genom outtr\u00f6ttliga bem\u00f6danden om f\u00f6rst\u00e5else, f\u00f6rl\u00e5telse, befrielse och mottagande av alla \u201dutan baktankar och utan r\u00e4dsla\u201d.<\/p>\n<p style=\"font-weight: 400;\">I sin predikan erinrade p\u00e5ven om sitt nyligen offentliggjorda budskap inf\u00f6r v\u00e4rldsfredsdagen den 1 januari. Som motta angav han: \u201dFred vare med er alla: \u00e4nda till en \u2019avv\u00e4pnad och avv\u00e4pnande\u2019 fred.\u201d I sitt budskap ut\u00f6var han skarp kritik mot en tilltagande militarisering av t\u00e4nkande, mot \u00f6kande upprustningsutgifter och mot religi\u00f6s legitimering av krig. Vidare kr\u00e4ver han att str\u00e4vanden efter fred genom diplomatiska insatser och f\u00f6rhandlingar mellan fientliga stater m\u00e5tte intensifieras.<\/p>\n<p style=\"font-weight: 400;\">Det var p\u00e5ven Paulus VI som inf\u00f6rde v\u00e4rldsfredsdagen inf\u00f6r ny\u00e5ret 1968, f\u00f6r att fr\u00e4mja fred med anledning av kapprustningen mellan \u00f6st och v\u00e4st och otaliga krig. Sedan dess offentligg\u00f6r alltid p\u00e5varna ett s\u00e4rskilt budskap inf\u00f6r denna dag. I den kyrkliga liturgin firas den 1 januari \u00e4ven som \u201dGuds heliga moders Maris h\u00f6gtid\u201d.<\/p>\n<p style=\"font-weight: 400;\">Vid ny\u00e5rsgudstj\u00e4nsten i den fullsatta Peterskyrkan deltog \u00e4ven \u00e5tskilliga diplomater fr\u00e5n olika l\u00e4nder. Dessa hade redan i mitten av december f\u00e5tt p\u00e5vens v\u00e4rldsfredsbudskap. Vidare deltog barn, s\u00e5 kallade Sternsinger [\u201dstj\u00e4rns\u00e5ngare\u201d, utkl\u00e4dda till de heliga tre konungarna]. Dessa barn frambar g\u00e5vorna till altaret.<\/p>\n<p style=\"font-weight: 400;\">P\u00e5vens budskap till den 1 januari uppmanar entr\u00e4get alla m\u00e4nniskor att ta ansvar f\u00f6r att engagera sig f\u00f6r fred. Fred \u00e4r \u201dinte n\u00e5got abstrakt begrepp utan en konkret verklighet\u201d som dagligen m\u00e5ste v\u00e5rdas.<\/p>\n<p style=\"font-weight: 400;\"><strong>Religi\u00f6st motiverat v\u00e5ld en typ av h\u00e4delse<\/strong><\/p>\n<p style=\"font-weight: 400;\">En annan viktig punkt var kritiken av att religion anv\u00e4nds f\u00f6r v\u00e5ldsamma syften. Leo XIV betecknar religi\u00f6st v\u00e5ld som \u201den h\u00e4delse som f\u00f6rm\u00f6rkar Guds heliga namn\u201d, och han uppmanar de troende att opponera sig mot denna utveckling, att opponera sig med ett trov\u00e4rdigt liv och intensiv ekumenisk och interreligi\u00f6s dialog. \u201dDe troende m\u00e5ste aktivt vara vittnen om en gr\u00e4ns\u00f6verskridande fred som f\u00f6renar \u00f6ver olikheter\u201d, s\u00e4ger p\u00e5ven.<\/p>\n<p style=\"font-weight: 400;\">P\u00e5ven tog \u00e4ven upp de utmaningar som vi st\u00e4lls inf\u00f6r genom modern teknologi, s\u00e4rskilt anv\u00e4ndningen av AI till milit\u00e4ra syften. H\u00e4r varnade han f\u00f6r en \u201dspiral av rasering av humanismen\u201d som alltmer delegerar ansvaret \u00f6ver liv och d\u00f6d till maskiner. Detta hotar den etiska grund som varje civilisation vilar p\u00e5.<\/p>\n<p style=\"font-weight: 400;\">Avslutningsvis uppmanar p\u00e5ven det interner nationella samfundet till mera diplomati och till f\u00f6rst\u00e4rkning av FN. Han citerar i detta sammanhang Johannes XXIII och betonar att en varaktig fred \u00e4r m\u00f6jlig enbart genom \u201dj\u00e4mvikt som vilar p\u00e5 \u00f6msesidigt f\u00f6rtroende, uppriktighet vid slutande av avtal och oskadliga \u00f6verenskommelser\u201d. \u201dDetta \u00e4r diplomatins vapenl\u00f6sa v\u00e4g, f\u00f6r befordrande av folkr\u00e4tten\u201d, sade Leo XIV vidare.<\/p>\n<p style=\"font-weight: 400;\">I anslutning till \u00e5rsskiftet utv\u00e4xlade \u00e4ven p\u00e5ven och Italiens president Sergio Mattarella \u00f6msesidiga v\u00e4lg\u00e5ngs\u00f6nskningar. B\u00e5de p\u00e5ven och presidenten betonade i sina h\u00e4lsningar betydelsen av att verka f\u00f6r fred och f\u00f6rsoning.<\/p>\n<p style=\"font-weight: 400;\">Det var vid \u00e5rets f\u00f6rsta angelusb\u00f6n inf\u00f6r mer \u00e4n 10\u00a0000 m\u00e4nniskor p\u00e5 Petersplatsen som p\u00e5ven tog tillf\u00e4llet i akt att besvara presidentens h\u00e4lsning. Han upprepade sin uppmaning till en \u2019avv\u00e4pnad och avv\u00e4pnande fred\u2019 samt inbj\u00f6d till b\u00f6n f\u00f6r freden.<\/p>\n<p style=\"font-weight: 400;\">Kathpress 2026-01-01<\/p>\n<p style=\"font-weight: 400;\">Detta \u00e4r en nyhetstext.<\/p>\n","protected":false},"excerpt":{"rendered":"Vid b\u00f6rjan av det nya \u00e5ret uppmanar p\u00e5ven Leo XIV till omfattande beredskap till att skapa fred. Under&hellip;\n","protected":false},"author":2,"featured_media":89320,"comment_status":"","ping_status":"","sticky":false,"template":"","format":"standard","meta":{"footnotes":""},"categories":[14],"tags":[22,23,26,27,17,21,24,25,28,29,15,16,18,34,31,33,32,30,19,20,51,52,53,54],"class_list":{"0":"post-123460","1":"post","2":"type-post","3":"status-publish","4":"format-standard","5":"has-post-thumbnail","7":"category-varlden","8":"tag-breaking-news","9":"tag-breakingnews","10":"tag-featured-news","11":"tag-featurednews","12":"tag-headlines","13":"tag-huvudnyheter","14":"tag-latest-news","15":"tag-latestnews","16":"tag-main-news","17":"tag-mainnews","18":"tag-news","19":"tag-nyheter","20":"tag-rubriker","21":"tag-se","22":"tag-svenska","23":"tag-sverige","24":"tag-sweden","25":"tag-swedish","26":"tag-top-stories","27":"tag-topstories","28":"tag-varlden","29":"tag-world","30":"tag-world-news","31":"tag-worldnews"},"share_on_mastodon":{"url":"https:\/\/pubeurope.com\/@se\/115825264699485432","error":""},"_links":{"self":[{"href":"https:\/\/www.europesays.com\/se\/wp-json\/wp\/v2\/posts\/123460","targetHints":{"allow":["GET"]}}],"collection":[{"href":"https:\/\/www.europesays.com\/se\/wp-json\/wp\/v2\/posts"}],"about":[{"href":"https:\/\/www.europesays.com\/se\/wp-json\/wp\/v2\/types\/post"}],"author":[{"embeddable":true,"href":"https:\/\/www.europesays.com\/se\/wp-json\/wp\/v2\/users\/2"}],"replies":[{"embeddable":true,"href":"https:\/\/www.europesays.com\/se\/wp-json\/wp\/v2\/comments?post=123460"}],"version-history":[{"count":0,"href":"https:\/\/www.europesays.com\/se\/wp-json\/wp\/v2\/posts\/123460\/revisions"}],"wp:featuredmedia":[{"embeddable":true,"href":"https:\/\/www.europesays.com\/se\/wp-json\/wp\/v2\/media\/89320"}],"wp:attachment":[{"href":"https:\/\/www.europesays.com\/se\/wp-json\/wp\/v2\/media?parent=123460"}],"wp:term":[{"taxonomy":"category","embeddable":true,"href":"https:\/\/www.europesays.com\/se\/wp-json\/wp\/v2\/categories?post=123460"},{"taxonomy":"post_tag","embeddable":true,"href":"https:\/\/www.europesays.com\/se\/wp-json\/wp\/v2\/tags?post=123460"}],"curies":[{"name":"wp","href":"https:\/\/api.w.org\/{rel}","templated":true}]}}