{"id":123461,"date":"2026-01-02T11:28:24","date_gmt":"2026-01-02T11:28:24","guid":{"rendered":"https:\/\/www.europesays.com\/se\/123461\/"},"modified":"2026-01-02T11:28:24","modified_gmt":"2026-01-02T11:28:24","slug":"svensk-patient-ersatts-for-ogonsjukdom-som-kopplats-till-semaglutid-lakartidningen","status":"publish","type":"post","link":"https:\/\/www.europesays.com\/se\/123461\/","title":{"rendered":"Svensk patient ers\u00e4tts f\u00f6r \u00f6gonsjukdom som kopplats till semaglutid \u2013 L\u00e4kartidningen"},"content":{"rendered":"<p>\u2013 Det finns totalt fem fall hos oss, s\u00e4ger L\u00e4kemedelsf\u00f6rs\u00e4kringens vd Anders Hultman.<\/p>\n<p>Under 2024 h\u00e4mtade 176\u00a0059 unika personer ut l\u00e4kemedel med semaglutid, som Ozempic och Wegovy, enligt Socialstyrelsens statistik.<\/p>\n<p>\n\t\tAnnons\t\t\t<\/p>\n<p>\t\t<a href=\"https:\/\/karriar.aleris.se\/jobs\/6934715-specialistlakare-till-aleris-asih-sodertalje-huddinge\" data-ad-target=\"link\" class=\"Ad-content\" rel=\"sponsored nofollow noopener\" target=\"_blank\"><\/p>\n<p>\t\t\t\t<img alt=\"Annons\" class=\"MediaWrapper-content Ad-image\" src=\"https:\/\/www.europesays.com\/se\/wp-content\/uploads\/2026\/01\/1767353304_671_banner1404x720.jpg\" data-lazy-load-target=\"content\" width=\"468\" height=\"240\" loading=\"lazy\" decoding=\"async\" fetchpriority=\"auto\"\/><\/p>\n<p>\t\t<\/a><\/p>\n<p>Anv\u00e4ndandet kan dock vara f\u00f6renligt med vissa risker. Vanliga biverkningar \u00e4r illam\u00e5ende och f\u00f6rstoppning. Men det finns v\u00e4rre tillst\u00e5nd \u2013 \u00e4ven om de \u00e4r ytterst ovanliga.<\/p>\n<p>Europeiska l\u00e4kemedelsmyndighetens s\u00e4kerhetskommitt\u00e9 (PRAC ) har granskat l\u00e4kemedlet efter att tv\u00e5 studier visat att personer som tar semaglutid l\u00f6per en \u00f6kad risk att utveckla \u00f6gonsjukdomen NAION. Sjukdomen orsakas av minskat blodfl\u00f6de till synnerven i \u00f6gat, vilket kan leda till synf\u00f6rlust. <\/p>\n<p>\u2013 Den eventuellt \u00f6kade risken vid behandling med Ozempic \u00e4r liten, men man ska beakta att den finns, s\u00e4ger Frank Tr\u00e4isk, \u00f6verl\u00e4kare p\u00e5 St Eriks \u00f6gonsjukhus.<\/p>\n<p>I Danmark har fyra personer som drabbats av NAION efter att ha tagit Ozempic eller Wegovy tillsammans f\u00e5tt motsvarande \u00f6ver 1,1 miljoner kronor i ers\u00e4ttning av staten. Sammanlagt har omkring 40 danskar kr\u00e4vt ers\u00e4ttning.<\/p>\n<p>\n\t\tAnnons\t\t\t<\/p>\n<p>\t\t<a href=\"https:\/\/lakartidningen.se\/lakartidningen-soker-reporter-med-fokus-pa-vetenskapsrapportering\/\" data-ad-target=\"link\" class=\"Ad-content\" rel=\"sponsored nofollow noopener\" target=\"_blank\"><\/p>\n<p>\t\t\t\t<img alt=\"Annons\" class=\"MediaWrapper-content Ad-image\" src=\"https:\/\/www.europesays.com\/se\/wp-content\/uploads\/2026\/01\/banner-reporter-1404x720-1.jpg\" data-lazy-load-target=\"content\" width=\"468\" height=\"240\" loading=\"lazy\" decoding=\"async\" fetchpriority=\"auto\"\/><\/p>\n<p>\t\t<\/a><\/p>\n<p>\u00c4ven i Sverige har pengar betalats ut.<\/p>\n<p>En person har f\u00e5tt r\u00e4tt till ers\u00e4ttning av L\u00e4kemedelsf\u00f6rs\u00e4kringen \u2013 dit man kan v\u00e4nda sig om man anser sig blivit skadad av ett l\u00e4kemedel \u2013 efter att ha utvecklat sjukdomen.<\/p>\n<p>\u2013 Det finns totalt fem anm\u00e4lningar. En \u00e4r ers\u00e4ttningsbar och de andra fyra \u00e4r under utredning, s\u00e4ger L\u00e4kemedelsf\u00f6rs\u00e4kringens vd Anders Hultman till TT.<\/p>\n<p>Hur mycket pengar personen har f\u00e5tt r\u00e4tt till \u00e4r inte k\u00e4nt.<\/p>\n<p>Anders Hultman har ingen uppfattning om det v\u00e4ntas fler anm\u00e4lningar till L\u00e4kemedelsf\u00f6rs\u00e4kringen, som \u00e4gs gemensamt av ett stort antal l\u00e4kemedelsf\u00f6retag, regioner och andra akt\u00f6rer inom l\u00e4kemedelshanteringen.<\/p>\n<p>\u2013 Jag hoppas att de som eventuellt drabbas anm\u00e4ler till oss, s\u00e4ger han.<\/p>\n","protected":false},"excerpt":{"rendered":"\u2013 Det finns totalt fem fall hos oss, s\u00e4ger L\u00e4kemedelsf\u00f6rs\u00e4kringens vd Anders Hultman. Under 2024 h\u00e4mtade 176\u00a0059 unika&hellip;\n","protected":false},"author":2,"featured_media":21458,"comment_status":"","ping_status":"","sticky":false,"template":"","format":"standard","meta":{"footnotes":""},"categories":[5],"tags":[22,23,26,27,17,21,24,25,28,29,15,16,18,34,31,33,32,30,19,20],"class_list":{"0":"post-123461","1":"post","2":"type-post","3":"status-publish","4":"format-standard","5":"has-post-thumbnail","7":"category-rubriker","8":"tag-breaking-news","9":"tag-breakingnews","10":"tag-featured-news","11":"tag-featurednews","12":"tag-headlines","13":"tag-huvudnyheter","14":"tag-latest-news","15":"tag-latestnews","16":"tag-main-news","17":"tag-mainnews","18":"tag-news","19":"tag-nyheter","20":"tag-rubriker","21":"tag-se","22":"tag-svenska","23":"tag-sverige","24":"tag-sweden","25":"tag-swedish","26":"tag-top-stories","27":"tag-topstories"},"share_on_mastodon":{"url":"https:\/\/pubeurope.com\/@se\/115825272624009059","error":""},"_links":{"self":[{"href":"https:\/\/www.europesays.com\/se\/wp-json\/wp\/v2\/posts\/123461","targetHints":{"allow":["GET"]}}],"collection":[{"href":"https:\/\/www.europesays.com\/se\/wp-json\/wp\/v2\/posts"}],"about":[{"href":"https:\/\/www.europesays.com\/se\/wp-json\/wp\/v2\/types\/post"}],"author":[{"embeddable":true,"href":"https:\/\/www.europesays.com\/se\/wp-json\/wp\/v2\/users\/2"}],"replies":[{"embeddable":true,"href":"https:\/\/www.europesays.com\/se\/wp-json\/wp\/v2\/comments?post=123461"}],"version-history":[{"count":0,"href":"https:\/\/www.europesays.com\/se\/wp-json\/wp\/v2\/posts\/123461\/revisions"}],"wp:featuredmedia":[{"embeddable":true,"href":"https:\/\/www.europesays.com\/se\/wp-json\/wp\/v2\/media\/21458"}],"wp:attachment":[{"href":"https:\/\/www.europesays.com\/se\/wp-json\/wp\/v2\/media?parent=123461"}],"wp:term":[{"taxonomy":"category","embeddable":true,"href":"https:\/\/www.europesays.com\/se\/wp-json\/wp\/v2\/categories?post=123461"},{"taxonomy":"post_tag","embeddable":true,"href":"https:\/\/www.europesays.com\/se\/wp-json\/wp\/v2\/tags?post=123461"}],"curies":[{"name":"wp","href":"https:\/\/api.w.org\/{rel}","templated":true}]}}