{"id":123464,"date":"2026-01-02T11:32:06","date_gmt":"2026-01-02T11:32:06","guid":{"rendered":"https:\/\/www.europesays.com\/se\/123464\/"},"modified":"2026-01-02T11:32:06","modified_gmt":"2026-01-02T11:32:06","slug":"mystiska-ljud-fran-iphone-17-pro-och-pro-max","status":"publish","type":"post","link":"https:\/\/www.europesays.com\/se\/123464\/","title":{"rendered":"Mystiska ljud fr\u00e5n Iphone 17 Pro och Pro Max"},"content":{"rendered":"<p>P\u00e5 sistone har anv\u00e4ndare runt om i v\u00e4rlden uppt\u00e4ckt att vissa exemplar av Iphone 17 Pro och Iphone 17 Pro Max ger ifr\u00e5n sig ett mystiskt ljud n\u00e4r mobiltelefonen laddas.<\/p>\n<p>Ljudet beskrivs som \u201dbruset fr\u00e5n en gammal radio\u201d och i en del fall kan det h\u00f6ras \u00e4ven n\u00e4r mobiltelefonen inte laddas.<\/p>\n<p>I klippet nedan f\u00e5r vi ett exempel p\u00e5 hur det kan l\u00e5ta:<\/p>\n<p>Enligt <a href=\"https:\/\/idg.digidip.net\/visit?url=https:\/\/www.macrumors.com\/2025\/12\/30\/iphone-17-pro-static-noise\/&amp;currurl=https:\/\/www.macworld.se\/article\/3021832\/mystiska-ljud-fran-iphone-17-pro-och-pro-max.html&amp;ref=7-1-3021832-1-0-0-0-0\" data-type=\"link\" data-id=\"https:\/\/www.macrumors.com\/2025\/12\/30\/iphone-17-pro-static-noise\/\" rel=\"nofollow noopener\" data-subtag=\"7-1-3021832-1-0-0-0-0\" data-domain-name=\"macrumors\" target=\"_blank\">Macrumors<\/a> s\u00e4gs Apples utvecklare fila p\u00e5 en uppdatering som ska \u00e5tg\u00e4rda problemet, men tills vidare f\u00e5r anv\u00e4ndarna antingen reklamera mobiltelefonen eller f\u00f6rs\u00f6ka st\u00e5 ut med oljudet.<\/p>\n","protected":false},"excerpt":{"rendered":"P\u00e5 sistone har anv\u00e4ndare runt om i v\u00e4rlden uppt\u00e4ckt att vissa exemplar av Iphone 17 Pro och Iphone&hellip;\n","protected":false},"author":2,"featured_media":123465,"comment_status":"","ping_status":"","sticky":false,"template":"","format":"standard","meta":{"footnotes":""},"categories":[66],"tags":[80,78,79,34,31,33,32,30,81,84,83,82],"class_list":{"0":"post-123464","1":"post","2":"type-post","3":"status-publish","4":"format-standard","5":"has-post-thumbnail","7":"category-vetenskap-och-teknik","8":"tag-science","9":"tag-science-and-technology","10":"tag-scienceandtechnology","11":"tag-se","12":"tag-svenska","13":"tag-sverige","14":"tag-sweden","15":"tag-swedish","16":"tag-technology","17":"tag-teknik","18":"tag-vetenskap","19":"tag-vetenskapteknik"},"share_on_mastodon":{"url":"https:\/\/pubeurope.com\/@se\/115825288415672483","error":""},"_links":{"self":[{"href":"https:\/\/www.europesays.com\/se\/wp-json\/wp\/v2\/posts\/123464","targetHints":{"allow":["GET"]}}],"collection":[{"href":"https:\/\/www.europesays.com\/se\/wp-json\/wp\/v2\/posts"}],"about":[{"href":"https:\/\/www.europesays.com\/se\/wp-json\/wp\/v2\/types\/post"}],"author":[{"embeddable":true,"href":"https:\/\/www.europesays.com\/se\/wp-json\/wp\/v2\/users\/2"}],"replies":[{"embeddable":true,"href":"https:\/\/www.europesays.com\/se\/wp-json\/wp\/v2\/comments?post=123464"}],"version-history":[{"count":0,"href":"https:\/\/www.europesays.com\/se\/wp-json\/wp\/v2\/posts\/123464\/revisions"}],"wp:featuredmedia":[{"embeddable":true,"href":"https:\/\/www.europesays.com\/se\/wp-json\/wp\/v2\/media\/123465"}],"wp:attachment":[{"href":"https:\/\/www.europesays.com\/se\/wp-json\/wp\/v2\/media?parent=123464"}],"wp:term":[{"taxonomy":"category","embeddable":true,"href":"https:\/\/www.europesays.com\/se\/wp-json\/wp\/v2\/categories?post=123464"},{"taxonomy":"post_tag","embeddable":true,"href":"https:\/\/www.europesays.com\/se\/wp-json\/wp\/v2\/tags?post=123464"}],"curies":[{"name":"wp","href":"https:\/\/api.w.org\/{rel}","templated":true}]}}