{"id":123481,"date":"2026-01-02T11:43:26","date_gmt":"2026-01-02T11:43:26","guid":{"rendered":"https:\/\/www.europesays.com\/se\/123481\/"},"modified":"2026-01-02T11:43:26","modified_gmt":"2026-01-02T11:43:26","slug":"live-nya-aret-inleds-med-kraftig-nederbord-smhi-varnar-mer-att-vanta-nwt","status":"publish","type":"post","link":"https:\/\/www.europesays.com\/se\/123481\/","title":{"rendered":"LIVE: Nya \u00e5ret inleds med kraftig nederb\u00f6rd \u2013 SMHI varnar: \u201dMer att v\u00e4nta\u201d &#8211; NWT"},"content":{"rendered":"<ol>\n<li><a href=\"https:\/\/news.google.com\/rss\/articles\/CBMiogFBVV95cUxOTXJVVEJkcmE2UG5RM21iX0JxczhlbTd0aTJRNnozbnZ6dVNCNWNPTVlBQ3IzR2ZDdGNjVGZTeTNpcEJobnAwdXd4WnhueTVERjR1c1JYYUp1cmZfaDh3QndEMkNqUGY4M01wUGRLeXlhS1RoMjB3b0ZIcGZxV0xEaHZBX1hzcTBONEVla25pbV92VmdGYVBqWXRQUU4zWkJxeVE?oc=5\" target=\"_blank\" rel=\"nofollow noopener\">LIVE: Nya \u00e5ret inleds med kraftig nederb\u00f6rd \u2013 SMHI varnar: \u201dMer att v\u00e4nta\u201d<\/a>&nbsp;&nbsp;NWT<\/li>\n<li><a href=\"https:\/\/news.google.com\/rss\/articles\/CBMiigFBVV95cUxOanl0TmRHcS1FNlAzSzBONUk1WWpjYWFzTkJjQ2ZkZkF6bkhjVnF1X3J6SnI1Mk1LRHpUNU5ZYjltdjlTOC10ck8xUjZzWUZZWGlNUzVGemdFZWkzWTVoamppS21fYkJXLU5fbEFWc3N2UlBnR0o4ZHE5MkdCa2xTMllLN2NDNWx3THc?oc=5\" target=\"_blank\" rel=\"nofollow noopener\">Ny orange varning \u2013 kraftigt sn\u00f6fall forts\u00e4tter<\/a>&nbsp;&nbsp;Aftonbladet<\/li>\n<li><a href=\"https:\/\/news.google.com\/rss\/articles\/CBMiqAFBVV95cUxOeUUtREJfOVdPa2daV0VVVjIzN2M1Q0NjYzVNV3NGREZ5cVhWWUU2bElwWTAyY2w3MEJvVVFxV1JvYlFlR1pmcndGNUZOMzlveGlSYnN2a2o5dW9ROUt5dzFmMU5fT3BHV1dBdzBoWE9WcC12aXRsUzlMWGIzNEwyQm5ZRjAtdENEUHlsN3BWYlRtNXAtZU1uV0dRRUpLdWdxaWUxcHhKSG8?oc=5\" target=\"_blank\" rel=\"nofollow noopener\">Orange varning f\u00f6r sn\u00f6 i tre dagar<\/a>&nbsp;&nbsp;GP<\/li>\n<li><a href=\"https:\/\/news.google.com\/rss\/articles\/CBMikAFBVV95cUxNM1JwOGlPRlgwUzhXZ3RET2U4SHhsME1KRG9seHlmZ09kYmE1NldSbEg1a2hpLVpmc1dXRVVUazdIUnlGSlNsVHNHb3BGWGIyeGQxLUFoVlJlODV2anh1VVBoRDB1WkJmdk8wRW1kYkFoQjRlZU9NcG9mY0gzeVF3NzlhYWNSaS1TZTRIVlVLM08?oc=5\" target=\"_blank\" rel=\"nofollow noopener\">SMHI ut\u00f6kar sn\u00f6fallsvarning i G\u00f6taland \u2013 Ov\u00e4dret Anna<\/a>&nbsp;&nbsp;SVT Nyheter<\/li>\n<li><a href=\"https:\/\/news.google.com\/rss\/articles\/CBMiigFBVV95cUxNNW1kcVNMdkZMc0hlNTA5Wjl1czVnMUEwUVRtUUlQMVh5UEdoU25sQ3h0U19jOURYOGp0VHRrbkRUY3pSaWg3UHhpLTFNdUdFRHlOeWFNQThOWE5GTEEyNUkzWm5XRklsQ0FhX3dKWnVNUTNQWFJjbW9EWnpaaEg5eXlVc3MxOFROMEE?oc=5\" target=\"_blank\" rel=\"nofollow noopener\">\u201dAlla ska vara hemma \u2013 knappt g\u00e5 ut med hundarna\u201d<\/a>&nbsp;&nbsp;Sveriges Radio<\/li>\n<\/ol>\n","protected":false},"excerpt":{"rendered":"LIVE: Nya \u00e5ret inleds med kraftig nederb\u00f6rd \u2013 SMHI varnar: \u201dMer att v\u00e4nta\u201d&nbsp;&nbsp;NWT Ny orange varning \u2013 kraftigt&hellip;\n","protected":false},"author":2,"featured_media":123346,"comment_status":"","ping_status":"","sticky":false,"template":"","format":"standard","meta":{"footnotes":""},"categories":[12],"tags":[22,23,26,27,17,21,24,25,28,29,15,16,18,34,31,33,32,30,19,20],"class_list":{"0":"post-123481","1":"post","2":"type-post","3":"status-publish","4":"format-standard","5":"has-post-thumbnail","7":"category-sverige","8":"tag-breaking-news","9":"tag-breakingnews","10":"tag-featured-news","11":"tag-featurednews","12":"tag-headlines","13":"tag-huvudnyheter","14":"tag-latest-news","15":"tag-latestnews","16":"tag-main-news","17":"tag-mainnews","18":"tag-news","19":"tag-nyheter","20":"tag-rubriker","21":"tag-se","22":"tag-svenska","23":"tag-sverige","24":"tag-sweden","25":"tag-swedish","26":"tag-top-stories","27":"tag-topstories"},"share_on_mastodon":{"url":"https:\/\/pubeurope.com\/@se\/115825331684107201","error":""},"_links":{"self":[{"href":"https:\/\/www.europesays.com\/se\/wp-json\/wp\/v2\/posts\/123481","targetHints":{"allow":["GET"]}}],"collection":[{"href":"https:\/\/www.europesays.com\/se\/wp-json\/wp\/v2\/posts"}],"about":[{"href":"https:\/\/www.europesays.com\/se\/wp-json\/wp\/v2\/types\/post"}],"author":[{"embeddable":true,"href":"https:\/\/www.europesays.com\/se\/wp-json\/wp\/v2\/users\/2"}],"replies":[{"embeddable":true,"href":"https:\/\/www.europesays.com\/se\/wp-json\/wp\/v2\/comments?post=123481"}],"version-history":[{"count":0,"href":"https:\/\/www.europesays.com\/se\/wp-json\/wp\/v2\/posts\/123481\/revisions"}],"wp:featuredmedia":[{"embeddable":true,"href":"https:\/\/www.europesays.com\/se\/wp-json\/wp\/v2\/media\/123346"}],"wp:attachment":[{"href":"https:\/\/www.europesays.com\/se\/wp-json\/wp\/v2\/media?parent=123481"}],"wp:term":[{"taxonomy":"category","embeddable":true,"href":"https:\/\/www.europesays.com\/se\/wp-json\/wp\/v2\/categories?post=123481"},{"taxonomy":"post_tag","embeddable":true,"href":"https:\/\/www.europesays.com\/se\/wp-json\/wp\/v2\/tags?post=123481"}],"curies":[{"name":"wp","href":"https:\/\/api.w.org\/{rel}","templated":true}]}}