{"id":123482,"date":"2026-01-02T11:44:06","date_gmt":"2026-01-02T11:44:06","guid":{"rendered":"https:\/\/www.europesays.com\/se\/123482\/"},"modified":"2026-01-02T11:44:06","modified_gmt":"2026-01-02T11:44:06","slug":"02-januari-12-33-trafikkontroll-vasterbottens-lan-polisen-se","status":"publish","type":"post","link":"https:\/\/www.europesays.com\/se\/123482\/","title":{"rendered":"02 januari 12.33, Trafikkontroll, V\u00e4sterbottens l\u00e4n &#8211; polisen.se"},"content":{"rendered":"<ol>\n<li><a href=\"https:\/\/news.google.com\/rss\/articles\/CBMipgFBVV95cUxNTHI0dE1wM0dFUnM3Zk85dnVaMHpLM3NwWlExaVJlY0VLLXd4bkxfcVpjeW9EWmMxalZBWlhwZTM5djdZbnRlUHdjVFBDZFJFNHFST1dlT2pyNXF5MlhURjRkVlZUNVZMQmVNbEtlazMwQ1N1T1pGQWVvTnVrM0QwZHhlYy1vaWdXS1pISEo3U3lXdUdjZUlwaHAyVmlZVm1QcUFsUkZR?oc=5\" target=\"_blank\" rel=\"nofollow noopener\">02 januari 12.33, Trafikkontroll, V\u00e4sterbottens l\u00e4n<\/a>&nbsp;&nbsp;polisen.se<\/li>\n<li><a href=\"https:\/\/news.google.com\/rss\/articles\/CBMi4gFBVV95cUxOMEIxRG44Wmo2VkwzQ2l4alo2WC1uSzZqRVdJQVI4TUhON0hhemxKeHpBUXhrLWdQNktNV1hTYWRjTG1CNklScU1VWWFOU0prcXNlVGhnWUJKVkoybjNJZGp0LWtQaUtkejB5ZUU5Q2U1R1BEZVJLbHZXN3V5bjJJdzlMYzE5bFNLRlFQS1ZybkhEREQ4VUNwa3pnS2lfM29oWjlwWUF0cDQzWkZWUERrUnBKMVIyZkJZZlBLUG1QdkRSR19EMDc0OVJYZGgzY3hjUzdLWEtDbUN5VGU2Q1dYNTNR?oc=5\" target=\"_blank\" rel=\"nofollow noopener\">En personbil blockerar trafiken p\u00e5 E4:an vid trafikplats Kista.<\/a>&nbsp;&nbsp;Brottsplatskartan.se<\/li>\n<li><a href=\"https:\/\/news.google.com\/rss\/articles\/CBMi-wFBVV95cUxPNlZvaFhHLWkxSnBlSGpyX0JRT3lWelZ2bm0td1dlVFI3ZDlWY2JDT05kQmlTVUQ2Z0w2R2hEcERhb1JnX25ucHI2RENUOS1MUDNEMUVjMUVZV3NFdXZpX0pUSS1GazB0eDhZb3gwQ0pSQ3J3aWUxa0NkNWRETXhHdk1YclR4REUzNUZWaFVJUkNPYjBaY3VvcFVQN3lvUkg5RTdQYXVhVk5yM2JVVTBRUjkwS21ISG1pNEFYeHdGTTIyVVNpTGNxSFRjYUZhQ2VjeTJDdXl4c3NUUkFjQzFTT1JSYzlTZUhjOUN0VU4yY3d2QUZWR1g5R283SQ?oc=5\" target=\"_blank\" rel=\"nofollow noopener\">V\u00e4sterbotten, resultat fr\u00e5n n\u00e5gra av eftermiddagens trafikkontroller.<\/a>&nbsp;&nbsp;Brottsplatskartan.se<\/li>\n<li><a href=\"https:\/\/news.google.com\/rss\/articles\/CBMitgFBVV95cUxOblBMYm9QQ3VHbnZrdUVvbUhTUEk3QVE2QjM4UzNEWktqdzJhNzBCWTdOc1lCOUZWSmZqRElkWHpPSUhkS1RQS242WWhmX3BmdjFMRDZJR0ZfODNBYWgzdVdUS2pkTGtxRl96dEhYcWFDSXZ2N1JoZkdVOXBsRnRfdWR2R0FOQUU2VVpwSGQtQjF0azFSM3NhSW9qWmEwaHdVRGhUS2JTZXJpUWYwQS1zQzM0TEYtUQ?oc=5\" target=\"_blank\" rel=\"nofollow noopener\">Brand i ladug\u00e5rd utanf\u00f6r Kristvallabrunn<\/a>&nbsp;&nbsp;Brottsplatskartan.se<\/li>\n<li><a href=\"https:\/\/news.google.com\/rss\/articles\/CBMiwgFBVV95cUxOcmVnUDNOR0phNUtDVTBPNWFxWmFRWXd5ekl2NWRfb0FzWV9Od0NHRFNaZFlWSk14NXkzUkhiS2NMS1NiWklhY0k0RkQyTllEQVhVRURqZ1VPWkt4dmY2SXdSUmJwZzFyTTQzRTIxbkRoRDRCSWgtMnExdzBsREdiVkhsY2VBMkt4X2lSaGN1bTNvekhFeFJqNXMwWXpJX0FEUFRWd1pOSXViaWNfNXhCdmktTlRzcGN4c0I3bjQweU1iQQ?oc=5\" target=\"_blank\" rel=\"nofollow noopener\">En singelolycka har intr\u00e4ffat p\u00e5 E 20 vid Borasj\u00f6n.<\/a>&nbsp;&nbsp;Brottsplatskartan.se<\/li>\n<\/ol>\n","protected":false},"excerpt":{"rendered":"02 januari 12.33, Trafikkontroll, V\u00e4sterbottens l\u00e4n&nbsp;&nbsp;polisen.se En personbil blockerar trafiken p\u00e5 E4:an vid trafikplats Kista.&nbsp;&nbsp;Brottsplatskartan.se V\u00e4sterbotten, resultat fr\u00e5n&hellip;\n","protected":false},"author":2,"featured_media":54,"comment_status":"","ping_status":"","sticky":false,"template":"","format":"standard","meta":{"footnotes":""},"categories":[5],"tags":[22,23,26,27,17,21,24,25,28,29,15,16,18,34,31,33,32,30,19,20],"class_list":{"0":"post-123482","1":"post","2":"type-post","3":"status-publish","4":"format-standard","5":"has-post-thumbnail","7":"category-rubriker","8":"tag-breaking-news","9":"tag-breakingnews","10":"tag-featured-news","11":"tag-featurednews","12":"tag-headlines","13":"tag-huvudnyheter","14":"tag-latest-news","15":"tag-latestnews","16":"tag-main-news","17":"tag-mainnews","18":"tag-news","19":"tag-nyheter","20":"tag-rubriker","21":"tag-se","22":"tag-svenska","23":"tag-sverige","24":"tag-sweden","25":"tag-swedish","26":"tag-top-stories","27":"tag-topstories"},"share_on_mastodon":{"url":"https:\/\/pubeurope.com\/@se\/115825335483317593","error":""},"_links":{"self":[{"href":"https:\/\/www.europesays.com\/se\/wp-json\/wp\/v2\/posts\/123482","targetHints":{"allow":["GET"]}}],"collection":[{"href":"https:\/\/www.europesays.com\/se\/wp-json\/wp\/v2\/posts"}],"about":[{"href":"https:\/\/www.europesays.com\/se\/wp-json\/wp\/v2\/types\/post"}],"author":[{"embeddable":true,"href":"https:\/\/www.europesays.com\/se\/wp-json\/wp\/v2\/users\/2"}],"replies":[{"embeddable":true,"href":"https:\/\/www.europesays.com\/se\/wp-json\/wp\/v2\/comments?post=123482"}],"version-history":[{"count":0,"href":"https:\/\/www.europesays.com\/se\/wp-json\/wp\/v2\/posts\/123482\/revisions"}],"wp:featuredmedia":[{"embeddable":true,"href":"https:\/\/www.europesays.com\/se\/wp-json\/wp\/v2\/media\/54"}],"wp:attachment":[{"href":"https:\/\/www.europesays.com\/se\/wp-json\/wp\/v2\/media?parent=123482"}],"wp:term":[{"taxonomy":"category","embeddable":true,"href":"https:\/\/www.europesays.com\/se\/wp-json\/wp\/v2\/categories?post=123482"},{"taxonomy":"post_tag","embeddable":true,"href":"https:\/\/www.europesays.com\/se\/wp-json\/wp\/v2\/tags?post=123482"}],"curies":[{"name":"wp","href":"https:\/\/api.w.org\/{rel}","templated":true}]}}