{"id":123492,"date":"2026-01-02T11:54:27","date_gmt":"2026-01-02T11:54:27","guid":{"rendered":"https:\/\/www.europesays.com\/se\/123492\/"},"modified":"2026-01-02T11:54:27","modified_gmt":"2026-01-02T11:54:27","slug":"ett-kart-aterseende-for-freij-vi-ar-bada-ratt-veka","status":"publish","type":"post","link":"https:\/\/www.europesays.com\/se\/123492\/","title":{"rendered":"Ett k\u00e4rt \u00e5terseende f\u00f6r Freij? &#8221;Vi \u00e4r b\u00e5da r\u00e4tt veka&#8221;"},"content":{"rendered":"<p><strong>S\u00e5 sent som under f\u00f6rra s\u00e4songen var de lagkamrater i <a href=\"https:\/\/hockeysverige.se\/klubb\/if-bjorkloven\" rel=\"nofollow noopener\" target=\"_blank\">Bj\u00f6rkl\u00f6ven<\/a>. Nu st\u00e4lls <a href=\"https:\/\/hockeysverige.se\/spelare\/alfons-freij\" rel=\"nofollow noopener\" target=\"_blank\">Alfons Freij<\/a> och <a href=\"https:\/\/hockeysverige.se\/spelare\/bruno-osmanis\" rel=\"nofollow noopener\" target=\"_blank\">Bruno Osmanis<\/a> mot varandra i en kvartsfinal i <a href=\"https:\/\/hockeysverige.se\/junior-vm\/\" rel=\"nofollow noopener\" target=\"_blank\">JVM<\/a>. <br \/>\u2013\u00a0Jag \u00e4r inte den som tacklas, men jag kommer att skicka H\u00e5kansson p\u00e5 dem, skojar Juniorkronornas back, nu till vardags i Timr\u00e5. <\/strong><\/p>\n<p><img loading=\"lazy\" decoding=\"async\" width=\"1024\" height=\"658\" src=\"https:\/\/www.europesays.com\/se\/wp-content\/uploads\/2026\/01\/Freij-Osmanis-1024x658.webp.webp\" alt=\"\" class=\"wp-image-340848\"  \/>Alfons Freij och Brunos Osmanis st\u00e4lls mot varandra i JVM-kvartsfinal. <strong>Foto:<\/strong> Simon Eld och Bildbyr\u00e5n (montage).<\/p>\n<p>ST. PAUL\/MINNESOTA (HOCKEYSVERIGE.SE)<\/p>\n<p><strong>JVM 2026:<\/strong>\u00a0<a href=\"https:\/\/hockeysverige.se\/junior-vm\/jvm-spelschema\/\" target=\"_blank\" rel=\"noreferrer noopener nofollow\">Spelschema<\/a>\u00a0|\u00a0<a href=\"https:\/\/hockeysverige.se\/junior-vm\/junior-vm-i-ishockey-2026-pa-tv\/\" target=\"_blank\" rel=\"noreferrer noopener nofollow\">TV-tider<\/a>\u00a0|\u00a0<a href=\"https:\/\/hockeysverige.se\/junior-vm\/jvm-tabell\/\" target=\"_blank\" rel=\"noreferrer noopener nofollow\">Grupper &amp; tabell<\/a>\u00a0|\u00a0<a href=\"https:\/\/hockeysverige.se\/junior-vm\/jvm-resultat\/\" target=\"_blank\" rel=\"noreferrer noopener nofollow\">Resultat<\/a>\u00a0|\u00a0<a href=\"https:\/\/hockeysverige.se\/landslag\/juniorkronorna\/\" target=\"_blank\" rel=\"noreferrer noopener nofollow\">Allt om Juniorkronorna<\/a>\u00a0|<\/p>\n<p>Gruppfinalsegern mot USA inneb\u00e4r inte bara att Juniorkronorna kliver in i JVM-slutspelet som h\u00f6gst seedade lag. Den inneb\u00e4r \u00e4ven att tv\u00e5 av f\u00f6rra s\u00e4songens l\u00f6ften, i Bj\u00f6rkl\u00f6ven, kommer att m\u00f6tas igen. Ett av hoten i Lettland inf\u00f6r morgondagens kvartsfinal \u00e4r n\u00e4mligen j\u00e4mn\u00e5riga Bruno Osmanis. <\/p>\n<p>Freij, som nyligen klivit av isen efter torsdagens tr\u00e4ning, ber\u00e4ttar att duon ska m\u00f6tas upp p\u00e5 hotellet inf\u00f6r bataljen. <\/p>\n<p>\u2013\u00a0Det blir mycket, mycket hets. Det blir det. F\u00f6r att komma in i Lettlands huvuden bara, skojar Timr\u00e5-backen om vad de ska s\u00e4ga till varandra. <br \/>\u2013\u00a0Nej, men det var l\u00e4nge sedan vi s\u00e5gs. Det var v\u00e4l i \u201dL\u00f6ven\u201d senast d\u00e4r, s\u00e5 det ska bli kul att tr\u00e4ffa honom igen. Vi spenderade mycket tid tillsammans i Bj\u00f6rkl\u00f6ven d\u00e4r och hade kul. Det blir n\u00e5gra leenden n\u00e4r jag ser honom. Han har gjort en bra turnering ocks\u00e5, vilket \u00e4r roligt. Jag gl\u00e4ds med honom, helt klart. Han \u00e4r en grym hockeyspelare och en grym individ.<\/p>\n<p><strong>Du f\u00e5r kanske s\u00e4tta in n\u00e5gon extra tackling p\u00e5 honom ocks\u00e5?<\/strong><br \/>\u2013\u00a0Ja, exakt.\u00a0Jag \u00e4r inte den som tacklas, men som jag sagt innan, s\u00e5 kommer jag att skicka H\u00e5kansson p\u00e5 dem, skojar Freij p\u00e5 nytt. <br \/>\u2013\u00a0Nej, men Bruno kan jag tackla. D\u00e5 flyger nog ingen av oss, det blir bara en kropp emellan.\u00a0Vi b\u00e5da \u00e4r r\u00e4tt veka s\u00e5\u2026 ja, det ska bli kul att m\u00f6ta honom.<\/p>\n<p>En tydlig underdog: \u201dD\u00e5 kan vi sl\u00e5 vilka som helst\u201d<\/p>\n<p>Efter den \u00f6vertygande 6\u20133-matchen mot USA kliver Sverige in i kvartsfinalen som tydlig favorit, men \u00e4ven det medf\u00f6r sina utmaningar, medger Freij. <\/p>\n<p>\u2013\u00a0Ja, s\u00e5klart. De \u00e4r v\u00e4l underdog i det h\u00e4r fallet, och har v\u00e4l allt att vinna egentligen. Men kommer vi ut som vi gjorde ig\u00e5r, och som vi har visat p\u00e5 senaste, d\u00e5 kan vi sl\u00e5 vilka lag som helst. Det g\u00e4ller bara att vi kommer ut med r\u00e4tt inst\u00e4llning s\u00e5 vinner vi matchen.<br \/>\u2013\u00a0Det \u00e4r ett skridskostarkt lag. De har n\u00e5gra bra lirare, s\u00e5 det blir en tuff match. De vill vinna lika mycket som vi, och vi vet att de kommer att komma ut riktigt h\u00e5rt. S\u00e5 det blir sp\u00e4nnande.<\/p>\n<p>F\u00f6rbundskapten Magnus H\u00e4velid \u00e4r \u00e4ven inne p\u00e5 samma sp\u00e5r n\u00e4r han blickar fram\u00e5t mot fredagens m\u00f6te.<\/p>\n<p>\u2013\u00a0Ja, de kryssade mot Kanada, f\u00f6rlorade i overtime. Vi hade en j\u00e4ttej\u00e4mn match mot dem f\u00f6rra \u00e5ret d\u00e4r vi satt p\u00e5 4\u20130, men de utmanade och helt pl\u00f6tsligt stod det 3\u20132. Vi har predikat \u00f6dmjukhet s\u00e5klart. Det var en gruppfinal ig\u00e5r, men inga medaljer har delats ut, s\u00e4ger H\u00e4velid till hockeysverige.se. och forts\u00e4tter.<br \/>\u2013\u00a0De vet om att de har allt att vinna, men vi ska ta med det vi gjorde bra ig\u00e5r och bygga vidare p\u00e5 det vi gjorde mot Slovakien, Schweiz och Tyskland. Det p\u00e5minner lite om den strukturen. Att vara \u00f6dmjuka och ta med sig n\u00e5gon form av sj\u00e4lvf\u00f6rtroende och kaxighet in i matchen mot Lettland (blir viktigt). <\/p>\n<p> Source: <a href=\"https:\/\/www.eliteprospects.com\/player\/695039\/bruno-osmanis\" target=\"_blank\" rel=\"noopener noreferrer nofollow\">Bruno Osmanis<\/a> @ Elite Prospects<\/p>\n","protected":false},"excerpt":{"rendered":"S\u00e5 sent som under f\u00f6rra s\u00e4songen var de lagkamrater i Bj\u00f6rkl\u00f6ven. Nu st\u00e4lls Alfons Freij och Bruno Osmanis&hellip;\n","protected":false},"author":2,"featured_media":123493,"comment_status":"","ping_status":"","sticky":false,"template":"","format":"standard","meta":{"footnotes":""},"categories":[68],"tags":[6611,34,133,111,110,31,33,32,30,355],"class_list":{"0":"post-123492","1":"post","2":"type-post","3":"status-publish","4":"format-standard","5":"has-post-thumbnail","7":"category-sport","8":"tag-junior-vm","9":"tag-se","10":"tag-second-news","11":"tag-sport","12":"tag-sports","13":"tag-svenska","14":"tag-sverige","15":"tag-sweden","16":"tag-swedish","17":"tag-talang"},"share_on_mastodon":{"url":"https:\/\/pubeurope.com\/@se\/115825374983765606","error":""},"_links":{"self":[{"href":"https:\/\/www.europesays.com\/se\/wp-json\/wp\/v2\/posts\/123492","targetHints":{"allow":["GET"]}}],"collection":[{"href":"https:\/\/www.europesays.com\/se\/wp-json\/wp\/v2\/posts"}],"about":[{"href":"https:\/\/www.europesays.com\/se\/wp-json\/wp\/v2\/types\/post"}],"author":[{"embeddable":true,"href":"https:\/\/www.europesays.com\/se\/wp-json\/wp\/v2\/users\/2"}],"replies":[{"embeddable":true,"href":"https:\/\/www.europesays.com\/se\/wp-json\/wp\/v2\/comments?post=123492"}],"version-history":[{"count":0,"href":"https:\/\/www.europesays.com\/se\/wp-json\/wp\/v2\/posts\/123492\/revisions"}],"wp:featuredmedia":[{"embeddable":true,"href":"https:\/\/www.europesays.com\/se\/wp-json\/wp\/v2\/media\/123493"}],"wp:attachment":[{"href":"https:\/\/www.europesays.com\/se\/wp-json\/wp\/v2\/media?parent=123492"}],"wp:term":[{"taxonomy":"category","embeddable":true,"href":"https:\/\/www.europesays.com\/se\/wp-json\/wp\/v2\/categories?post=123492"},{"taxonomy":"post_tag","embeddable":true,"href":"https:\/\/www.europesays.com\/se\/wp-json\/wp\/v2\/tags?post=123492"}],"curies":[{"name":"wp","href":"https:\/\/api.w.org\/{rel}","templated":true}]}}