{"id":123494,"date":"2026-01-02T11:55:07","date_gmt":"2026-01-02T11:55:07","guid":{"rendered":"https:\/\/www.europesays.com\/se\/123494\/"},"modified":"2026-01-02T11:55:07","modified_gmt":"2026-01-02T11:55:07","slug":"tidstjuven-mest-sedda-julkalendern-pa-svt-play","status":"publish","type":"post","link":"https:\/\/www.europesays.com\/se\/123494\/","title":{"rendered":"\u201dTidstjuven\u201d mest sedda julkalendern p\u00e5 SVT Play"},"content":{"rendered":"<p>\u201dTidstjuven\u201d blev den mest sedda julkalendern n\u00e5gonsin p\u00e5 SVT Play, skriver SVT i ett pressmeddelande som citeras av Expressen.<\/p>\n<p>\u00d6ver 1,6 miljoner tittare hade \u201dTidstjuven\u201d varje dag i genomsnitt.<\/p>\n<p>Johanna G\u00e5rdare, programchef f\u00f6r SVT Drama, s\u00e4ger att siffrorna \u00e4r r\u00f6rande.<\/p>\n<p>\u2013 Och visar verkligen vilket stort behov det finns att samlas kring gemensamma upplevelser.<\/p>\n<p>Omni \u00e4r politiskt obundna och oberoende. Vi str\u00e4var efter att ge fler perspektiv p\u00e5 nyheterna. Har du fr\u00e5gor eller synpunkter kring v\u00e5r rapportering? <a href=\"https:\/\/omni.se\/tidstjuven-mest-sedda-julkalendern-pa-svt-play\/a\/mailto:redaktion@omni.se\" class=\"ArticleActions_contactLink__W2F1M\" rel=\"nofollow noopener\" target=\"_blank\">Kontakta redaktionen<\/a><\/p>\n","protected":false},"excerpt":{"rendered":"\u201dTidstjuven\u201d blev den mest sedda julkalendern n\u00e5gonsin p\u00e5 SVT Play, skriver SVT i ett pressmeddelande som citeras av&hellip;\n","protected":false},"author":2,"featured_media":123495,"comment_status":"","ping_status":"","sticky":false,"template":"","format":"standard","meta":{"footnotes":""},"categories":[67],"tags":[104,168,34,31,33,587,586,1781,32,30,105],"class_list":{"0":"post-123494","1":"post","2":"type-post","3":"status-publish","4":"format-standard","5":"has-post-thumbnail","7":"category-underhallning","8":"tag-entertainment","9":"tag-film-tv","10":"tag-se","11":"tag-svenska","12":"tag-sverige","13":"tag-sveriges-television","14":"tag-svt","15":"tag-svt-play","16":"tag-sweden","17":"tag-swedish","18":"tag-underhallning"},"share_on_mastodon":{"url":"https:\/\/pubeurope.com\/@se\/115825378791734996","error":""},"_links":{"self":[{"href":"https:\/\/www.europesays.com\/se\/wp-json\/wp\/v2\/posts\/123494","targetHints":{"allow":["GET"]}}],"collection":[{"href":"https:\/\/www.europesays.com\/se\/wp-json\/wp\/v2\/posts"}],"about":[{"href":"https:\/\/www.europesays.com\/se\/wp-json\/wp\/v2\/types\/post"}],"author":[{"embeddable":true,"href":"https:\/\/www.europesays.com\/se\/wp-json\/wp\/v2\/users\/2"}],"replies":[{"embeddable":true,"href":"https:\/\/www.europesays.com\/se\/wp-json\/wp\/v2\/comments?post=123494"}],"version-history":[{"count":0,"href":"https:\/\/www.europesays.com\/se\/wp-json\/wp\/v2\/posts\/123494\/revisions"}],"wp:featuredmedia":[{"embeddable":true,"href":"https:\/\/www.europesays.com\/se\/wp-json\/wp\/v2\/media\/123495"}],"wp:attachment":[{"href":"https:\/\/www.europesays.com\/se\/wp-json\/wp\/v2\/media?parent=123494"}],"wp:term":[{"taxonomy":"category","embeddable":true,"href":"https:\/\/www.europesays.com\/se\/wp-json\/wp\/v2\/categories?post=123494"},{"taxonomy":"post_tag","embeddable":true,"href":"https:\/\/www.europesays.com\/se\/wp-json\/wp\/v2\/tags?post=123494"}],"curies":[{"name":"wp","href":"https:\/\/api.w.org\/{rel}","templated":true}]}}