{"id":123507,"date":"2026-01-02T12:07:29","date_gmt":"2026-01-02T12:07:29","guid":{"rendered":"https:\/\/www.europesays.com\/se\/123507\/"},"modified":"2026-01-02T12:07:29","modified_gmt":"2026-01-02T12:07:29","slug":"kvinna-attackerad-vid-2-tiden-natten-till-fredag","status":"publish","type":"post","link":"https:\/\/www.europesays.com\/se\/123507\/","title":{"rendered":"Kvinna attackerad vid 2-tiden natten till fredag"},"content":{"rendered":"<p>Polisen fick larmet och \u00e5kte till kvinnans hem vid 02-tiden, det efter att utomst\u00e5ende sett kvinnan ha bl\u00e5m\u00e4rken.V\u00e4l p\u00e5 plats i bostaden fanns kvinnan i 30-\u00e5rs\u00e5ldern samt en man i 40-\u00e5rs\u00e5ldern.Enligt polisen hade kvinnan bl\u00e5m\u00e4rken, men hon ville inte anm\u00e4la n\u00e5got brott. D\u00e4remot har polisen skrivit en s\u00e5kallad tj\u00e4nstepliktsanm\u00e4lan om misshandel d\u00e4r mannen i 40-\u00e5rs\u00e5lder<\/p>\n","protected":false},"excerpt":{"rendered":"Polisen fick larmet och \u00e5kte till kvinnans hem vid 02-tiden, det efter att utomst\u00e5ende sett kvinnan ha bl\u00e5m\u00e4rken.V\u00e4l&hellip;\n","protected":false},"author":2,"featured_media":16823,"comment_status":"","ping_status":"","sticky":false,"template":"","format":"standard","meta":{"footnotes":""},"categories":[12],"tags":[22,23,26,27,17,21,24,25,28,29,15,16,18,34,31,33,32,30,19,20],"class_list":{"0":"post-123507","1":"post","2":"type-post","3":"status-publish","4":"format-standard","5":"has-post-thumbnail","7":"category-sverige","8":"tag-breaking-news","9":"tag-breakingnews","10":"tag-featured-news","11":"tag-featurednews","12":"tag-headlines","13":"tag-huvudnyheter","14":"tag-latest-news","15":"tag-latestnews","16":"tag-main-news","17":"tag-mainnews","18":"tag-news","19":"tag-nyheter","20":"tag-rubriker","21":"tag-se","22":"tag-svenska","23":"tag-sverige","24":"tag-sweden","25":"tag-swedish","26":"tag-top-stories","27":"tag-topstories"},"share_on_mastodon":{"url":"https:\/\/pubeurope.com\/@se\/115825426029014225","error":""},"_links":{"self":[{"href":"https:\/\/www.europesays.com\/se\/wp-json\/wp\/v2\/posts\/123507","targetHints":{"allow":["GET"]}}],"collection":[{"href":"https:\/\/www.europesays.com\/se\/wp-json\/wp\/v2\/posts"}],"about":[{"href":"https:\/\/www.europesays.com\/se\/wp-json\/wp\/v2\/types\/post"}],"author":[{"embeddable":true,"href":"https:\/\/www.europesays.com\/se\/wp-json\/wp\/v2\/users\/2"}],"replies":[{"embeddable":true,"href":"https:\/\/www.europesays.com\/se\/wp-json\/wp\/v2\/comments?post=123507"}],"version-history":[{"count":0,"href":"https:\/\/www.europesays.com\/se\/wp-json\/wp\/v2\/posts\/123507\/revisions"}],"wp:featuredmedia":[{"embeddable":true,"href":"https:\/\/www.europesays.com\/se\/wp-json\/wp\/v2\/media\/16823"}],"wp:attachment":[{"href":"https:\/\/www.europesays.com\/se\/wp-json\/wp\/v2\/media?parent=123507"}],"wp:term":[{"taxonomy":"category","embeddable":true,"href":"https:\/\/www.europesays.com\/se\/wp-json\/wp\/v2\/categories?post=123507"},{"taxonomy":"post_tag","embeddable":true,"href":"https:\/\/www.europesays.com\/se\/wp-json\/wp\/v2\/tags?post=123507"}],"curies":[{"name":"wp","href":"https:\/\/api.w.org\/{rel}","templated":true}]}}