{"id":123525,"date":"2026-01-02T12:22:07","date_gmt":"2026-01-02T12:22:07","guid":{"rendered":"https:\/\/www.europesays.com\/se\/123525\/"},"modified":"2026-01-02T12:22:07","modified_gmt":"2026-01-02T12:22:07","slug":"presto-forvarvar-arbejdsmiljogruppen-ett-specialistforetag-inom-hse-utbildning","status":"publish","type":"post","link":"https:\/\/www.europesays.com\/se\/123525\/","title":{"rendered":"Presto f\u00f6rv\u00e4rvar Arbejdsmilj\u00f8gruppen, ett specialistf\u00f6retag inom HSE utbildning"},"content":{"rendered":"<p>\n          Pressmeddelande &#8211;<br \/>\n 2 Januari 2026 13:00<\/p>\n<p>    Dela<\/p>\n<p>\n          L\u00e4nk kopierad!\n        <\/p>\n<p>          <a class=\"ghost-btn-with-icon svg-stroke\" rel=\"nofollow noopener\" aria-label=\"Ladda ned som PDF\" href=\"https:\/\/www.mynewsdesk.com\/se\/presto\/pressreleases\/presto-foervaervar-arbejdsmiljoegruppen-ett-specialistfoeretag-inom-hse-utbildning-3423359.pdf\" target=\"_blank\"><\/p>\n<p>            Ladda ner<br \/>\n<\/a>      <\/p>\n<p>Presto Danmark, en del av Presto Group (\u201dPresto\u201d), Europas ledande f\u00f6retag inom aktiv brands\u00e4kerhet, s\u00e4kerhetsutbildning och f\u00f6rsta hj\u00e4lpen, har f\u00f6rv\u00e4rvat Arbejdsmilj\u00f8gruppen ApS, ett danskt specialistf\u00f6retag inom arbetsmilj\u00f6- och skydssutbildning (\u201dHSE\u201d).  <\/p>\n<p>F\u00f6rv\u00e4rvet \u00e4r ett viktigt steg i Prestos ambition att erbjuda en komplett plattform f\u00f6r s\u00e4kerhet, utbildning och efterlevnad, och st\u00e4rker koncernens \u00f6vergripande kapacitet inom HSE och kompetensutveckling i Danmark. <\/p>\n<p>Arbejdsmilj\u00f8gruppen grundades 2018 och har p\u00e5 kort tid byggt en stark position som en v\u00e4lk\u00e4nd leverant\u00f6r av certifierade arbetsmilj\u00f6utbildningar. Bolaget \u00e4r specialist inom HSE och obligatoriska s\u00e4kerhetsutbildningar, med huvudkontor i Roskilde, och levererar utbildning \u00f6ver hela Danmark genom ett n\u00e4tverk av erfarna och h\u00f6gt kvalificerade instrukt\u00f6rer.  <\/p>\n<p>Grundarna, Poul Bang Nielsen och Tine Bang Ploug, kommer b\u00e5da att forts\u00e4tta leda Arbejdsmilj\u00f8gruppen efter f\u00f6rv\u00e4rvet. Med ett starkt fokus p\u00e5 kvalitet, efterlevnad och praktisk till\u00e4mpning st\u00f6ttar Arbejdsmilj\u00f8gruppen f\u00f6retag i att oms\u00e4tta regulatoriska krav till konkreta och v\u00e4rdeskapande arbetsmilj\u00f6metoder i den dagliga verksamheten. <\/p>\n<p>Mark Nilsson, Country Manager, Presto Danmark, kommenterar: \u201dF\u00f6rv\u00e4rvet av Arbejdsmilj\u00f8gruppen \u00e4r ett naturligt steg i Prestos tillv\u00e4xtstrategi. Vi str\u00e4var inte bara efter att leverera produkter, utan efter att vara en komplett s\u00e4kerhetspartner f\u00f6r v\u00e5ra kunder. Med Arbejdsmilj\u00f8gruppen st\u00e4rker vi v\u00e5rt utbildningsomr\u00e5de avsev\u00e4rt. Det har varit avg\u00f6rande f\u00f6r oss att f\u00e5 med Tine, Poul och deras anst\u00e4llda p\u00e5 resan. Deras djupa expertis och m\u00e5ng\u00e5riga erfarenhet s\u00e4kerst\u00e4ller att vi fr\u00e5n dag ett kan leverera r\u00e5dgivningstj\u00e4nster p\u00e5 den mycket h\u00f6ga niv\u00e5 som v\u00e5ra kunder f\u00f6rv\u00e4ntar sig. Det \u00e4r en perfekt matchning som g\u00f6r det m\u00f6jligt f\u00f6r oss att lyfta arbetsmilj\u00f6arbetet i danska f\u00f6retag.\u201d <\/p>\n<p>Anders Kj\u00e6rsgaard, Head of M&amp;A, Presto Danmark, till\u00e4gger: \u201dVi ser ett stort \u00f6verlapp bland v\u00e5ra kunder, och f\u00f6r oss \u00e4r det n\u00f6dv\u00e4ndigt att kontinuerligt st\u00e4rka v\u00e5rt utbildningserbjudande med specialister och djup fackkunskap. Med Arbejdsmilj\u00f8gruppen st\u00e4rker vi v\u00e5r kapacitet avsev\u00e4rt och tar ett viktigt steg n\u00e4rmare v\u00e5r ambition att bli Danmarks ledande helhetsleverant\u00f6r inom utbildning, s\u00e4kerhet, brandskydd och f\u00f6rsta hj\u00e4lpen. Efterlevnad och utbildning \u00e4r strategiska fokusomr\u00e5den f\u00f6r oss, eftersom f\u00f6retag i allt h\u00f6gre grad beh\u00f6ver dokumentera kompetens f\u00f6r att f\u00f6rbli attraktiva f\u00f6r b\u00e5de kunder och medarbetare.\u201d <\/p>\n<p>\u201dI mer \u00e4n 15 \u00e5r har vi arbetat i f\u00e4ltet, och med Arbejdsmilj\u00f8gruppen har vi sedan 2018 levererat arbetsmilj\u00f6utbildning och r\u00e5dgivning. Vi har varit stolta \u00f6ver att k\u00e4nna v\u00e5ra kunder och st\u00f6tta dem d\u00e4r de befinner sig. Med Presto f\u00e5r vi nu m\u00f6jligheten att erbjuda helhetsl\u00f6sningar som g\u00e5r bortom traditionell s\u00e4kerhet. Tillsammans kan vi leverera moderna och innovativa l\u00f6sningar som inte bara skyddar, utan ocks\u00e5 inspirerar f\u00f6retag att arbeta smartare och bli mer motst\u00e5ndskraftiga i en f\u00f6r\u00e4nderlig v\u00e4rld. Detta partnerskap ger oss tillg\u00e5ng till ett starkare n\u00e4tverk och bredare kompetens, vilket i slut\u00e4ndan gynnar v\u00e5ra kunder\u201d, s\u00e4ger Poul Bang Nielsen och Tine Bang Ploug, grundare av Arbejdsmilj\u00f8gruppen. <\/p>\n<p><strong>F\u00f6r mer information:<\/strong>  <\/p>\n<p>Mark Nilsson, Country Manager Presto Denmark\u202f <br \/>Email: mark.nilsson@presto.dk <\/p>\n<p>Anders Kj\u00e6rsgaard, Head of M&amp;A, Presto Denmark <br \/>Email: anders.kjaersgaard@presto.dk <\/p>\n<p>Om Presto <br \/>Presto \u00e4r Europas ledande akt\u00f6r med ett komplett erbjudande inom brandskydd, f\u00f6rsta hj\u00e4lpen och s\u00e4kerhetsutbildning. Presto grundades 1959 i Katrineholm, Sverige, och har sedan dess vuxit till en koncern med en oms\u00e4ttning p\u00e5 3,5 miljarder SEK och 2 200 anst\u00e4llda p\u00e5 135 platser. F\u00f6retaget har cirka 145 000 kunder i Europa och erbjuder kompletta s\u00e4kerhetsl\u00f6sningar som skyddar f\u00f6retag och r\u00e4ddar liv.\u202fHuvudkontoret ligger i Stockholm, Sverige.\u202fMer information: <a href=\"http:\/\/www.presto.se\/\" target=\"_blank\" rel=\"nofollow noopener\">http:\/\/www.presto.se<\/a> <\/p>\n<p>Om Arbejdsmilj\u00f8gruppen <br \/>Arbejdsmilj\u00f8gruppen grundades 2018 och har snabbt etablerat en stark position som en erk\u00e4nd leverant\u00f6r av certifierad arbetsmilj\u00f6utbildning. F\u00f6retaget har sitt huvudkontor i Roskilde och levererar utbildning \u00f6ver hela Danmark genom ett n\u00e4tverk av erfarna och h\u00f6gt kvalificerade instrukt\u00f6rer. L\u00e4s mer p\u00e5: <a href=\"https:\/\/arbejdsmiljoegruppen.dk\/\" target=\"_blank\" rel=\"nofollow noopener\">https:\/\/arbejdsmiljoegruppen.dk\/<\/a> <\/p>\n","protected":false},"excerpt":{"rendered":"Pressmeddelande &#8211; 2 Januari 2026 13:00 Dela L\u00e4nk kopierad! Ladda ner Presto Danmark, en del av Presto Group&hellip;\n","protected":false},"author":2,"featured_media":123526,"comment_status":"","ping_status":"","sticky":false,"template":"","format":"standard","meta":{"footnotes":""},"categories":[65],"tags":[12985,12986,72,70,71,12984,5523,12982,12983,3698,34,8762,31,33,32,30,2708],"class_list":{"0":"post-123525","1":"post","2":"type-post","3":"status-publish","4":"format-standard","5":"has-post-thumbnail","7":"category-ekonomi","8":"tag-brandsakerhet","9":"tag-brandskydd","10":"tag-business","11":"tag-economy","12":"tag-ekonomi","13":"tag-forsta-hjalpen","14":"tag-forvarv","15":"tag-nyforvarv","16":"tag-presto","17":"tag-sakerhet","18":"tag-se","19":"tag-skydd","20":"tag-svenska","21":"tag-sverige","22":"tag-sweden","23":"tag-swedish","24":"tag-utbildning"},"share_on_mastodon":{"url":"https:\/\/pubeurope.com\/@se\/115825485038954974","error":""},"_links":{"self":[{"href":"https:\/\/www.europesays.com\/se\/wp-json\/wp\/v2\/posts\/123525","targetHints":{"allow":["GET"]}}],"collection":[{"href":"https:\/\/www.europesays.com\/se\/wp-json\/wp\/v2\/posts"}],"about":[{"href":"https:\/\/www.europesays.com\/se\/wp-json\/wp\/v2\/types\/post"}],"author":[{"embeddable":true,"href":"https:\/\/www.europesays.com\/se\/wp-json\/wp\/v2\/users\/2"}],"replies":[{"embeddable":true,"href":"https:\/\/www.europesays.com\/se\/wp-json\/wp\/v2\/comments?post=123525"}],"version-history":[{"count":0,"href":"https:\/\/www.europesays.com\/se\/wp-json\/wp\/v2\/posts\/123525\/revisions"}],"wp:featuredmedia":[{"embeddable":true,"href":"https:\/\/www.europesays.com\/se\/wp-json\/wp\/v2\/media\/123526"}],"wp:attachment":[{"href":"https:\/\/www.europesays.com\/se\/wp-json\/wp\/v2\/media?parent=123525"}],"wp:term":[{"taxonomy":"category","embeddable":true,"href":"https:\/\/www.europesays.com\/se\/wp-json\/wp\/v2\/categories?post=123525"},{"taxonomy":"post_tag","embeddable":true,"href":"https:\/\/www.europesays.com\/se\/wp-json\/wp\/v2\/tags?post=123525"}],"curies":[{"name":"wp","href":"https:\/\/api.w.org\/{rel}","templated":true}]}}