{"id":123527,"date":"2026-01-02T12:23:07","date_gmt":"2026-01-02T12:23:07","guid":{"rendered":"https:\/\/www.europesays.com\/se\/123527\/"},"modified":"2026-01-02T12:23:07","modified_gmt":"2026-01-02T12:23:07","slug":"saudiska-flyganfall-mot-separatister-i-jemen","status":"publish","type":"post","link":"https:\/\/www.europesays.com\/se\/123527\/","title":{"rendered":"Saudiska flyganfall mot separatister i Jemen"},"content":{"rendered":"<p>share-arrowDela<\/p>\n<p>unsaveSpara<\/p>\n<p>expand-left<\/p>\n<p>helsk\u00e4rm<img decoding=\"async\" class=\"image-asset hyperion-css-u06ts1\" data-test-tag=\"image-asset\" src=\"https:\/\/www.europesays.com\/se\/wp-content\/uploads\/2026\/01\/6c14b419-0737-41ad-a85c-a93bc85b6cdd.jpeg\"  alt=\"En soldat tillh\u00f6rande separatistr\u00f6relsen STC vid en v\u00e4gsp\u00e4rr i hamnstaden Aden.\"  loading=\"eager\" fetchpriority=\"high\" style=\"aspect-ratio:1900 \/ 1267\"\/>En soldat tillh\u00f6rande separatistr\u00f6relsen STC vid en v\u00e4gsp\u00e4rr i hamnstaden Aden. Foto: AP\/TT<\/p>\n<p class=\"hyperion-css-1shl3oz\" data-test-tag=\"lead-text\">Saudiarabien uppges ha genomf\u00f6rt nya flyganfall mot separatiststyrkor i Jemen.<\/p>\n<p class=\"hyperion-css-1shl3oz\" data-test-tag=\"lead-text\">Samtidigt p\u00e5g\u00e5r en insats f\u00f6r ta tillbaka milit\u00e4ra anl\u00e4ggningar fr\u00e5n separatisterna i provinsen Hadramawt.<\/p>\n<p class=\"hyperion-css-1v9qo5x\">Totalt handlar det om sju flygattacker mot en milit\u00e4rbas, s\u00e4ger Mohammed Abdulmalik, ledare f\u00f6r separatistr\u00f6relsen STC, till AFP.<\/p>\n<p class=\"hyperion-css-1v9qo5x\">Separatisterna har under december genomf\u00f6rt en offensiv i Hadramawt och \u00e4ven al-Mahra, tv\u00e5 oljerika provinser som gr\u00e4nsar till Saudiarabien och Oman.<\/p>\n<p class=\"hyperion-css-1v9qo5x\">Enligt guvern\u00f6ren i Hadramawt, Salem al-Khanbashi, ska den p\u00e5g\u00e5ende insatsen att driva tillbaka separatisterna \u201dinte ses som en krigsf\u00f6rklaring\u201d eller ett f\u00f6rs\u00f6k att \u201deskalera sp\u00e4nningarna\u201d.<\/p>\n<p class=\"hyperion-css-1v9qo5x\">M\u00e5let \u00e4r i st\u00e4llet ett \u201dfredligt och systematiskt \u00f6verl\u00e4mnande av milit\u00e4ra anl\u00e4ggningar\u201d, enligt ett tal i statlig tv.<\/p>\n<p class=\"hyperion-css-1v9qo5x\">De senaste veckornas h\u00e4ndelser har \u00f6kat farh\u00e5gorna om en st\u00f6rre konflikt, och ses som en kraftig upptrappning i sp\u00e4nningarna mellan Saudiarabien och F\u00f6renade arabemiraten.<\/p>\n<p class=\"hyperion-css-1v9qo5x\">Saudiarabien, som \u00e4r allierat med Jemens internationellt erk\u00e4nda regering, har nyligen bombat vapenleveranser som enligt landet skickats av Abu Dhabi till separatisterna.<\/p>\n<p class=\"hyperion-css-1v9qo5x\">STC och regeringssidan har tidigare varit allierade i kriget mot den Iranst\u00f6dda Huthir\u00f6relsen.<\/p>\n","protected":false},"excerpt":{"rendered":"share-arrowDela unsaveSpara expand-left helsk\u00e4rmEn soldat tillh\u00f6rande separatistr\u00f6relsen STC vid en v\u00e4gsp\u00e4rr i hamnstaden Aden. Foto: AP\/TT Saudiarabien uppges&hellip;\n","protected":false},"author":2,"featured_media":123528,"comment_status":"","ping_status":"","sticky":false,"template":"","format":"standard","meta":{"footnotes":""},"categories":[14],"tags":[22,23,26,27,17,21,24,25,28,29,15,16,18,34,31,33,32,30,19,20,51,52,53,54],"class_list":{"0":"post-123527","1":"post","2":"type-post","3":"status-publish","4":"format-standard","5":"has-post-thumbnail","7":"category-varlden","8":"tag-breaking-news","9":"tag-breakingnews","10":"tag-featured-news","11":"tag-featurednews","12":"tag-headlines","13":"tag-huvudnyheter","14":"tag-latest-news","15":"tag-latestnews","16":"tag-main-news","17":"tag-mainnews","18":"tag-news","19":"tag-nyheter","20":"tag-rubriker","21":"tag-se","22":"tag-svenska","23":"tag-sverige","24":"tag-sweden","25":"tag-swedish","26":"tag-top-stories","27":"tag-topstories","28":"tag-varlden","29":"tag-world","30":"tag-world-news","31":"tag-worldnews"},"share_on_mastodon":{"url":"https:\/\/pubeurope.com\/@se\/115825488990706647","error":""},"_links":{"self":[{"href":"https:\/\/www.europesays.com\/se\/wp-json\/wp\/v2\/posts\/123527","targetHints":{"allow":["GET"]}}],"collection":[{"href":"https:\/\/www.europesays.com\/se\/wp-json\/wp\/v2\/posts"}],"about":[{"href":"https:\/\/www.europesays.com\/se\/wp-json\/wp\/v2\/types\/post"}],"author":[{"embeddable":true,"href":"https:\/\/www.europesays.com\/se\/wp-json\/wp\/v2\/users\/2"}],"replies":[{"embeddable":true,"href":"https:\/\/www.europesays.com\/se\/wp-json\/wp\/v2\/comments?post=123527"}],"version-history":[{"count":0,"href":"https:\/\/www.europesays.com\/se\/wp-json\/wp\/v2\/posts\/123527\/revisions"}],"wp:featuredmedia":[{"embeddable":true,"href":"https:\/\/www.europesays.com\/se\/wp-json\/wp\/v2\/media\/123528"}],"wp:attachment":[{"href":"https:\/\/www.europesays.com\/se\/wp-json\/wp\/v2\/media?parent=123527"}],"wp:term":[{"taxonomy":"category","embeddable":true,"href":"https:\/\/www.europesays.com\/se\/wp-json\/wp\/v2\/categories?post=123527"},{"taxonomy":"post_tag","embeddable":true,"href":"https:\/\/www.europesays.com\/se\/wp-json\/wp\/v2\/tags?post=123527"}],"curies":[{"name":"wp","href":"https:\/\/api.w.org\/{rel}","templated":true}]}}