{"id":123529,"date":"2026-01-02T12:24:09","date_gmt":"2026-01-02T12:24:09","guid":{"rendered":"https:\/\/www.europesays.com\/se\/123529\/"},"modified":"2026-01-02T12:24:09","modified_gmt":"2026-01-02T12:24:09","slug":"chockstart-for-daniel-nar-snoovadret-slog-till-kan-behova-jobba-i-sju-dagar-nwt","status":"publish","type":"post","link":"https:\/\/www.europesays.com\/se\/123529\/","title":{"rendered":"Chockstart f\u00f6r Daniel n\u00e4r sn\u00f6ov\u00e4dret slog till: \u201dKan beh\u00f6va jobba i sju dagar\u201d &#8211; NWT"},"content":{"rendered":"<ol>\n<li><a href=\"https:\/\/news.google.com\/rss\/articles\/CBMisgFBVV95cUxOYkpVOWE4UFJqVXRtN05ZVzJOVVdfV0pPRzgtQVk1WDZGbjZmdWUzX2dTdFJTUllOVUpDaE01cFVVT1Z6d2txczVNQ2hsNU5MX0ctbVlUMzNCNGthU1RodW9xWnE5RlpEaUdCTzRrU0hiUXZ4a2l6YjhYc1hYai1CMWhmSWhBcTJSUUI0UGh0OHppSXpJSVo0TkFxR0hUMm5rcVAxLTc2UWEtQUdmMkhkWEt3?oc=5\" target=\"_blank\" rel=\"nofollow noopener\">Chockstart f\u00f6r Daniel n\u00e4r sn\u00f6ov\u00e4dret slog till: \u201dKan beh\u00f6va jobba i sju dagar\u201d<\/a>&nbsp;&nbsp;NWT<\/li>\n<li><a href=\"https:\/\/news.google.com\/rss\/articles\/CBMiigFBVV95cUxOanl0TmRHcS1FNlAzSzBONUk1WWpjYWFzTkJjQ2ZkZkF6bkhjVnF1X3J6SnI1Mk1LRHpUNU5ZYjltdjlTOC10ck8xUjZzWUZZWGlNUzVGemdFZWkzWTVoamppS21fYkJXLU5fbEFWc3N2UlBnR0o4ZHE5MkdCa2xTMllLN2NDNWx3THc?oc=5\" target=\"_blank\" rel=\"nofollow noopener\">Ny orange varning \u2013 kraftigt sn\u00f6fall forts\u00e4tter<\/a>&nbsp;&nbsp;Aftonbladet<\/li>\n<li><a href=\"https:\/\/news.google.com\/rss\/articles\/CBMivwFBVV95cUxQOENPZ0xGUE1GNzBKZnY0Y0hJTl8wU2hQTjJoYkxvU2J0c2xjY2RwZzFiZ3RsMTJjcjVzY2xwck1aWmxZSmNScF9tcUpQdmpCZ21zbjR4UDBiczVRWEV4RVRhZ0NLZlFTaktsRHp1X01Ec3JsMFhSWWhlVmNtamhpc0g3dnQ1a3E2QjhvWDhXV2paX2xqM3lzU085Zm9GdkJnSHRtUWMxZVFLMzA0VS1fMGlTOHVZajJYaXJxa0pBYw?oc=5\" target=\"_blank\" rel=\"nofollow noopener\">Fortsatt besv\u00e4rligt l\u00e4ge i trafiken \u2013 g\u00e4ller hela helgen<\/a>&nbsp;&nbsp;Via TT<\/li>\n<li><a href=\"https:\/\/news.google.com\/rss\/articles\/CBMikAFBVV95cUxQV3lMM2Y2aW12bS1iSlBwelJ1UnMwOVlYRmZBQkVSQVJIVXVEN0RqMHpNV2tSVm9OVmR4cGhObXMwRkFKZndzcS1OTWNON2duZnB1VGZOTXgxOVJYUk11a0lKTmw5Vmg2T2JVaW5WVWlQcTVhengtbVAzZTNKR3NGMjNmN3RfUk5kRlFqZ19LS1c?oc=5\" target=\"_blank\" rel=\"nofollow noopener\">Reportern: \u201dPlogbilarna har k\u00f6rt skytteltrafik\u201d \u2013 Ov\u00e4dret Anna<\/a>&nbsp;&nbsp;SVT Nyheter<\/li>\n<li><a href=\"https:\/\/news.google.com\/rss\/articles\/CBMizAFBVV95cUxOODN4RnJQUWRQVzJWYThtVUJ3eUhqZ1ZGS0dLNjY1TWVyNDlINkRQWFJlWjlOQmZCdUsxMGFGaE51bmtTa09TUXg3cllad0tXeHo4SGVyNWVDREdqZm8zNEI4RnFHemloVEd5cmpVZzRyWG5fUnhjX0ItVzB4Mzh4TG9tbG5EaXQyTTktMmFiU1cxUkM2X1JMVms3ck1oWjNzVVhOOWhkTlBhYWVJRlFiZlloVXdWZWdvakc0NnFIY0dCcWEtaS1XajNvRWM?oc=5\" target=\"_blank\" rel=\"nofollow noopener\">Sn\u00f6fall och bitande kyla \u2013 sn\u00f6n v\u00e4ntas ligga kvar hela n\u00e4sta vecka<\/a>&nbsp;&nbsp;GP<\/li>\n<\/ol>\n","protected":false},"excerpt":{"rendered":"Chockstart f\u00f6r Daniel n\u00e4r sn\u00f6ov\u00e4dret slog till: \u201dKan beh\u00f6va jobba i sju dagar\u201d&nbsp;&nbsp;NWT Ny orange varning \u2013 kraftigt&hellip;\n","protected":false},"author":2,"featured_media":123530,"comment_status":"","ping_status":"","sticky":false,"template":"","format":"standard","meta":{"footnotes":""},"categories":[12],"tags":[22,23,26,27,17,21,24,25,28,29,15,16,18,34,31,33,32,30,19,20],"class_list":{"0":"post-123529","1":"post","2":"type-post","3":"status-publish","4":"format-standard","5":"has-post-thumbnail","7":"category-sverige","8":"tag-breaking-news","9":"tag-breakingnews","10":"tag-featured-news","11":"tag-featurednews","12":"tag-headlines","13":"tag-huvudnyheter","14":"tag-latest-news","15":"tag-latestnews","16":"tag-main-news","17":"tag-mainnews","18":"tag-news","19":"tag-nyheter","20":"tag-rubriker","21":"tag-se","22":"tag-svenska","23":"tag-sverige","24":"tag-sweden","25":"tag-swedish","26":"tag-top-stories","27":"tag-topstories"},"share_on_mastodon":{"url":"https:\/\/pubeurope.com\/@se\/115825492843823730","error":""},"_links":{"self":[{"href":"https:\/\/www.europesays.com\/se\/wp-json\/wp\/v2\/posts\/123529","targetHints":{"allow":["GET"]}}],"collection":[{"href":"https:\/\/www.europesays.com\/se\/wp-json\/wp\/v2\/posts"}],"about":[{"href":"https:\/\/www.europesays.com\/se\/wp-json\/wp\/v2\/types\/post"}],"author":[{"embeddable":true,"href":"https:\/\/www.europesays.com\/se\/wp-json\/wp\/v2\/users\/2"}],"replies":[{"embeddable":true,"href":"https:\/\/www.europesays.com\/se\/wp-json\/wp\/v2\/comments?post=123529"}],"version-history":[{"count":0,"href":"https:\/\/www.europesays.com\/se\/wp-json\/wp\/v2\/posts\/123529\/revisions"}],"wp:featuredmedia":[{"embeddable":true,"href":"https:\/\/www.europesays.com\/se\/wp-json\/wp\/v2\/media\/123530"}],"wp:attachment":[{"href":"https:\/\/www.europesays.com\/se\/wp-json\/wp\/v2\/media?parent=123529"}],"wp:term":[{"taxonomy":"category","embeddable":true,"href":"https:\/\/www.europesays.com\/se\/wp-json\/wp\/v2\/categories?post=123529"},{"taxonomy":"post_tag","embeddable":true,"href":"https:\/\/www.europesays.com\/se\/wp-json\/wp\/v2\/tags?post=123529"}],"curies":[{"name":"wp","href":"https:\/\/api.w.org\/{rel}","templated":true}]}}