{"id":123531,"date":"2026-01-02T12:25:36","date_gmt":"2026-01-02T12:25:36","guid":{"rendered":"https:\/\/www.europesays.com\/se\/123531\/"},"modified":"2026-01-02T12:25:36","modified_gmt":"2026-01-02T12:25:36","slug":"expressen-direkt-senaste-nytt-i-korthet-1070","status":"publish","type":"post","link":"https:\/\/www.europesays.com\/se\/123531\/","title":{"rendered":"Expressen Direkt \u2013 senaste nytt i korthet"},"content":{"rendered":"<p>Morgonens nyheter 2 januariVittnen: S\u00e5 startade branden i Crans-Montana<\/p>\n<p>Flera \u00f6gonvittnen ber\u00e4ttar att branden i den schweiziska baren Le Constellation startade n\u00e4r servitriser kom in med champagneflaskor med brinnande isfacklor, som r\u00e5kade nudda det tr\u00e4kl\u00e4dda taket. Panik utbr\u00f6t snabbt bland g\u00e4sterna, som f\u00f6rs\u00f6kte fly genom den enda utg\u00e5ngen eller slog s\u00f6nder f\u00f6nster f\u00f6r att ta sig ut. M\u00e5nga beskriver skr\u00e4ckscener med brinnande m\u00e4nniskor och kaos, och allt ska ha g\u00e5tt extremt fort. Baren ligger i Crans-Montana i de schweiziska Alperna. Det \u00e4r en exklusiv skidort i den fransktalande delen av kantonen Valais.<\/p>\n<p><a href=\"https:\/\/www.expressen.se\/nyheter\/varlden\/vittnen-tomtebloss-i-flaskor-startade-branden\/\" target=\"_top\" rel=\"nofollow noopener\">Vittnen: S\u00e5 startade branden<\/a><\/p>\n<p>Kremls miss: Avsl\u00f6jar egna \u00f6vergreppen<\/p>\n<p>Den ryska regimen har av misstag r\u00e5kat publicera sex tusen klagom\u00e5l fr\u00e5n soldater och anh\u00f6riga, d\u00e4r det framkommer att soldater binds fast vid tr\u00e4d, hotas till livet och ibland avr\u00e4ttas av sina egna bef\u00e4l. Dokumenten, som egentligen \u00e4r hemliga, l\u00e5g ute p\u00e5 n\u00e4tet i flera m\u00e5nader och visar att \u00e4ven sv\u00e5rt sjuka och personer med funktionsneds\u00e4ttningar skickas till fronten. Enligt vittnesm\u00e5l \u00e4r avr\u00e4ttningar s\u00e5 vanliga att de f\u00e5tt ett eget namn, och m\u00e5nga soldater ber\u00e4ttar om misshandel och isolering som straff. Klagom\u00e5len hanteras av Rysslands m\u00e4nniskor\u00e4ttskommission\u00e4r Tatjana Moskalkova, som rapporterar direkt till den ryska presidenten Vladimir Putin.<\/p>\n<p><a href=\"https:\/\/www.expressen.se\/nyheter\/varlden\/kremls-miss-avslojar-egna-overgreppen\/\" target=\"_top\" rel=\"nofollow noopener\">Kremls miss: Avsl\u00f6jar egna \u00f6vergreppen<\/a><\/p>\n<p>Golfnotan f\u00f6r Trump i Vita huset: En miljard<\/p>\n<p>USA:s president Donald Trump har under sin andra mandatperiod tillbringat n\u00e4stan en fj\u00e4rdedel av tiden p\u00e5 olika golfklubbar, enligt sajten DidTrumpGolfToday.com. Hans golfaktivitet har kostat amerikanska skattebetalare en miljard kronor, baserat p\u00e5 tidigare rapporter om kostnader f\u00f6r resor och s\u00e4kerhet. Under hela Trumps f\u00f6rsta mandatperiod gick golfnotan p\u00e5 en komma fyra miljarder kronor, och hans mest intensiva golfm\u00e5nad var augusti med tio dagar p\u00e5 banan. \u00c4ven tidigare presidenter, som Barack Obama, har f\u00e5tt kritik f\u00f6r sitt golfintresse under tiden i Vita huset.<\/p>\n<p><a href=\"https:\/\/www.expressen.se\/nyheter\/varlden\/golfnotan-for-trump-i--vita-huset-en-miljard\/\" target=\"_top\" rel=\"nofollow noopener\">Golfnotan f\u00f6r Trump i Vita huset: En miljard<\/a><\/p>\n","protected":false},"excerpt":{"rendered":"Morgonens nyheter 2 januariVittnen: S\u00e5 startade branden i Crans-Montana Flera \u00f6gonvittnen ber\u00e4ttar att branden i den schweiziska baren&hellip;\n","protected":false},"author":2,"featured_media":39,"comment_status":"","ping_status":"","sticky":false,"template":"","format":"standard","meta":{"footnotes":""},"categories":[5],"tags":[22,23,26,27,17,21,24,25,28,29,15,16,18,34,31,33,32,30,19,20],"class_list":{"0":"post-123531","1":"post","2":"type-post","3":"status-publish","4":"format-standard","5":"has-post-thumbnail","7":"category-rubriker","8":"tag-breaking-news","9":"tag-breakingnews","10":"tag-featured-news","11":"tag-featurednews","12":"tag-headlines","13":"tag-huvudnyheter","14":"tag-latest-news","15":"tag-latestnews","16":"tag-main-news","17":"tag-mainnews","18":"tag-news","19":"tag-nyheter","20":"tag-rubriker","21":"tag-se","22":"tag-svenska","23":"tag-sverige","24":"tag-sweden","25":"tag-swedish","26":"tag-top-stories","27":"tag-topstories"},"share_on_mastodon":{"url":"https:\/\/pubeurope.com\/@se\/115825496725443016","error":""},"_links":{"self":[{"href":"https:\/\/www.europesays.com\/se\/wp-json\/wp\/v2\/posts\/123531","targetHints":{"allow":["GET"]}}],"collection":[{"href":"https:\/\/www.europesays.com\/se\/wp-json\/wp\/v2\/posts"}],"about":[{"href":"https:\/\/www.europesays.com\/se\/wp-json\/wp\/v2\/types\/post"}],"author":[{"embeddable":true,"href":"https:\/\/www.europesays.com\/se\/wp-json\/wp\/v2\/users\/2"}],"replies":[{"embeddable":true,"href":"https:\/\/www.europesays.com\/se\/wp-json\/wp\/v2\/comments?post=123531"}],"version-history":[{"count":0,"href":"https:\/\/www.europesays.com\/se\/wp-json\/wp\/v2\/posts\/123531\/revisions"}],"wp:featuredmedia":[{"embeddable":true,"href":"https:\/\/www.europesays.com\/se\/wp-json\/wp\/v2\/media\/39"}],"wp:attachment":[{"href":"https:\/\/www.europesays.com\/se\/wp-json\/wp\/v2\/media?parent=123531"}],"wp:term":[{"taxonomy":"category","embeddable":true,"href":"https:\/\/www.europesays.com\/se\/wp-json\/wp\/v2\/categories?post=123531"},{"taxonomy":"post_tag","embeddable":true,"href":"https:\/\/www.europesays.com\/se\/wp-json\/wp\/v2\/tags?post=123531"}],"curies":[{"name":"wp","href":"https:\/\/api.w.org\/{rel}","templated":true}]}}