{"id":123536,"date":"2026-01-02T12:31:11","date_gmt":"2026-01-02T12:31:11","guid":{"rendered":"https:\/\/www.europesays.com\/se\/123536\/"},"modified":"2026-01-02T12:31:11","modified_gmt":"2026-01-02T12:31:11","slug":"mamdani-svors-in-med-handen-pa-koranen","status":"publish","type":"post","link":"https:\/\/www.europesays.com\/se\/123536\/","title":{"rendered":"Mamdani svors in med handen p\u00e5 koranen"},"content":{"rendered":"<p class=\"has-medium-font-size\">Zohran Mamdani svors in som borgm\u00e4stare i New York p\u00e5 ny\u00e5rsdagen strax efter 12-slaget lokal tid. Han vann h\u00f6stens borgm\u00e4starval med stor marginal efter\u00a0<a href=\"https:\/\/internationalen.se\/klar-seger-for-mamdami\/\" rel=\"nofollow noopener\" target=\"_blank\">en valkampanj<\/a>\u00a0som fokuserade p\u00e5 sociala v\u00e4lf\u00e4rdsfr\u00e5gor som ber\u00f6r stadens miljoner vanliga arbetande m\u00e4nniskor i deras vardag.<br \/>Mamdani, New Yorks f\u00f6rste muslimske borgm\u00e4stare, svor eden med en hand p\u00e5 koranen.<\/p>\n<p>Utrikes|Erik Edlund<\/p>\n<p class=\"has-drop-cap\">Under torsdagen svors han in vid tv\u00e5 separata tillf\u00e4llen. F\u00f6rst h\u00f6lls en privat, mindre ceremoni p\u00e5 en historisk nedlagd tunnelbanestation p\u00e5 Manhattan. I sitt f\u00f6rsta uttalande som borgm\u00e4stare sade Mamdani att den gamla tunnelbanestationen var ett \u201dvittnesb\u00f6rd om kollektivtrafikens betydelse f\u00f6r stadens livskraft, h\u00e4lsa och arv\u201d n\u00e4r han uts\u00e5g stadens nya transportkommission\u00e4r.<\/p>\n<p>Senare under torsdagen h\u00f6lls en mer storslagen, offentlig ceremoni p\u00e5 hans nya arbetsplats, New Yorks stadshus. D\u00e4r svor han eden med handen p\u00e5 koranen en andra g\u00e5ng. Den h\u00e4r g\u00e5ngen inf\u00f6r den demokratiske senatorn Bernie Sanders. Sanders \u00e4r en av Mamdanis stora politiska f\u00f6rebilder och har st\u00f6ttat honom under hela valkampen.<\/p>\n<p>\u2014 Fr\u00e5n och med idag kommer vi att styra expansivt och dj\u00e4rvt. Vi kanske inte alltid lyckas, men vi kommer aldrig att anklagas f\u00f6r att sakna modet att f\u00f6rs\u00f6ka, sa Mamdani.<\/p>\n<p>Mamdani sa i sitt installationstal att han kommer anv\u00e4nda den makt \u00e4mbetet gett honom till att st\u00f6tta alla de miljoner New York-bor som k\u00e4mpar med stadens h\u00f6ga levnadsomkostnader.<\/p>\n<p>\u2014 Jag valdes som demokratisk socialist och jag kommer regera som demokratisk socialist, sa Mamdani och fortsatte med att lova att han inte kommer \u00f6verge sina principer av r\u00e4dsla f\u00f6r att bli betraktad som \u201dradikal\u201d.<\/p>\n<p>\u00c4ven Alexandria Ocasio-Cortez h\u00f6ll ett anf\u00f6rande vid ceremonin. Hon sa i sitt tal att Mamdani skulle bli en borgm\u00e4stare f\u00f6r arbetarklassen.<\/p>\n<p>\u2014 New Yorks folk har valt ett historiskt, ambiti\u00f6st ledarskap som svar p\u00e5 oh\u00e5llbara och exempell\u00f6sa tider. New York, vi har valt mod framf\u00f6r r\u00e4dsla. Vi har valt v\u00e4lst\u00e5nd f\u00f6r de m\u00e5nga framf\u00f6r vinster f\u00f6r de f\u00e5, sa hon.<\/p>\n<p>I november 2025 h\u00f6ll v\u00e4nstertidningen Jacobins grundare Bhaskar Sunkara\u00a0<a href=\"https:\/\/internationalen.se\/sunkara-om-mamdami-vi-maste-vara-beredda-att-stoda-honom-aven-nar-tiderna-blir-harda\/\" rel=\"nofollow noopener\" target=\"_blank\">ett anf\u00f6rande<\/a>\u00a0inf\u00f6r Democratic Socialists of Americas New York-avdelning. Han tog d\u00e5 upp flera av alla de utmaningar Mamdani kommer m\u00f6ta som borgm\u00e4stare, och sa att socialister \u201dm\u00e5ste vara beredda att st\u00f6tta honom \u00e4ven n\u00e4r det blir sv\u00e5rt\u201d.<\/p>\n<p>\u2014 Zohrans borgm\u00e4starpost kommer vara en kamp om det som \u00e4r m\u00f6jligt att vinna just nu. V\u00e5rt jobb \u00e4r att l\u00e5ta den kampen utvidga, inte inskr\u00e4nka, v\u00e5ra perspektiv \u2013 och h\u00e5lla liv i v\u00e5rt m\u00e5l, socialismen i v\u00e5r tid.<\/p>\n<p>Bilden: Zohran Mamdani sv\u00e4rs in den 1 januari av New Yorks justitiekansler Letitia James medan hans fru Rama Duwaji h\u00e5ller koranen.<\/p>\n","protected":false},"excerpt":{"rendered":"Zohran Mamdani svors in som borgm\u00e4stare i New York p\u00e5 ny\u00e5rsdagen strax efter 12-slaget lokal tid. Han vann&hellip;\n","protected":false},"author":2,"featured_media":123537,"comment_status":"","ping_status":"","sticky":false,"template":"","format":"standard","meta":{"footnotes":""},"categories":[14],"tags":[22,23,26,27,17,21,24,25,28,29,15,16,5262,18,34,31,33,32,30,19,20,51,52,53,54],"class_list":{"0":"post-123536","1":"post","2":"type-post","3":"status-publish","4":"format-standard","5":"has-post-thumbnail","7":"category-varlden","8":"tag-breaking-news","9":"tag-breakingnews","10":"tag-featured-news","11":"tag-featurednews","12":"tag-headlines","13":"tag-huvudnyheter","14":"tag-latest-news","15":"tag-latestnews","16":"tag-main-news","17":"tag-mainnews","18":"tag-news","19":"tag-nyheter","20":"tag-offentlig","21":"tag-rubriker","22":"tag-se","23":"tag-svenska","24":"tag-sverige","25":"tag-sweden","26":"tag-swedish","27":"tag-top-stories","28":"tag-topstories","29":"tag-varlden","30":"tag-world","31":"tag-world-news","32":"tag-worldnews"},"share_on_mastodon":{"url":"https:\/\/pubeurope.com\/@se\/115825520374646326","error":""},"_links":{"self":[{"href":"https:\/\/www.europesays.com\/se\/wp-json\/wp\/v2\/posts\/123536","targetHints":{"allow":["GET"]}}],"collection":[{"href":"https:\/\/www.europesays.com\/se\/wp-json\/wp\/v2\/posts"}],"about":[{"href":"https:\/\/www.europesays.com\/se\/wp-json\/wp\/v2\/types\/post"}],"author":[{"embeddable":true,"href":"https:\/\/www.europesays.com\/se\/wp-json\/wp\/v2\/users\/2"}],"replies":[{"embeddable":true,"href":"https:\/\/www.europesays.com\/se\/wp-json\/wp\/v2\/comments?post=123536"}],"version-history":[{"count":0,"href":"https:\/\/www.europesays.com\/se\/wp-json\/wp\/v2\/posts\/123536\/revisions"}],"wp:featuredmedia":[{"embeddable":true,"href":"https:\/\/www.europesays.com\/se\/wp-json\/wp\/v2\/media\/123537"}],"wp:attachment":[{"href":"https:\/\/www.europesays.com\/se\/wp-json\/wp\/v2\/media?parent=123536"}],"wp:term":[{"taxonomy":"category","embeddable":true,"href":"https:\/\/www.europesays.com\/se\/wp-json\/wp\/v2\/categories?post=123536"},{"taxonomy":"post_tag","embeddable":true,"href":"https:\/\/www.europesays.com\/se\/wp-json\/wp\/v2\/tags?post=123536"}],"curies":[{"name":"wp","href":"https:\/\/api.w.org\/{rel}","templated":true}]}}