{"id":123538,"date":"2026-01-02T12:32:07","date_gmt":"2026-01-02T12:32:07","guid":{"rendered":"https:\/\/www.europesays.com\/se\/123538\/"},"modified":"2026-01-02T12:32:07","modified_gmt":"2026-01-02T12:32:07","slug":"regeringen-tar-ytterligare-steg-for-okad-svensk-livsmedelsproduktion","status":"publish","type":"post","link":"https:\/\/www.europesays.com\/se\/123538\/","title":{"rendered":"Regeringen tar ytterligare steg f\u00f6r \u00f6kad svensk livsmedelsproduktion"},"content":{"rendered":"<p>&#13;<br \/>\nRegeringen har beslutat om 2026 \u00e5rs regleringsbrev f\u00f6r Jordbruksverket. F\u00f6rutom tidigare aviserade satsningar, s\u00e5som att nuvarande djurv\u00e4lf\u00e4rdsers\u00e4ttning ut\u00f6kas med 1 000 kronor per mj\u00f6lkko, f\u00e5r Jordbruksverket i uppdrag att ta fram ett f\u00f6rslag till djurv\u00e4lf\u00e4rdsers\u00e4ttning f\u00f6r dikoproduktion.  <\/p>\n<p>\u2013 Sverige har goda m\u00f6jligheter att st\u00e4rka sin roll som livsmedelsproducent. Nu tas viktiga steg f\u00f6r att f\u00f6rb\u00e4ttra villkoren f\u00f6r lantbrukare och livsmedelsf\u00f6retag och frig\u00f6ra livsmedelskedjans potential, s\u00e4ger landsbygdsminister Peter Kullgren.<\/p>\n<p>\u2013 Vi ska uppr\u00e4tth\u00e5lla den h\u00f6ga standard vi har f\u00f6r djurv\u00e4lf\u00e4rd i Sverige och en viktig del \u00e4r att kor f\u00e5r komma ut p\u00e5 sommarbete. Att alla svenska mj\u00f6lkkor f\u00e5r vara ute och beta gr\u00e4s \u00e4r en kvalitetsst\u00e4mpel f\u00f6r svenskt jordbruk, s\u00e4ger klimat- och milj\u00f6minister Romina Pourmokhtari.<\/p>\n<p>Satsningarna \u00e4r centrala delar i arbetet med Livsmedelsstrategin 2.0 och markerar b\u00f6rjan p\u00e5 en ny fas d\u00e4r tillv\u00e4xten i svensk livsmedelsproduktion \u00e4r i fokus.<\/p>\n<p>Beslutet ber\u00f6r bland annat f\u00f6ljande omr\u00e5den:<\/p>\n<p>Dikor<\/p>\n<p>Den svenska n\u00f6tk\u00f6ttsproduktionen \u00e4r viktig och beh\u00f6ver \u00f6ka i hela landet. Jordbruksverket har d\u00e4rf\u00f6r f\u00e5tt i uppdrag att ta fram ett f\u00f6rslag till djurv\u00e4lf\u00e4rdsers\u00e4ttning f\u00f6r dikoproduktion. Det st\u00e4rker dikoproduktionen och bidrar till biologisk m\u00e5ngfald. F\u00f6rslag ska redovisas till regeringen senast den 1 mars 2026.<\/p>\n<p>Betesers\u00e4ttning<\/p>\n<p>Regeringen f\u00f6rst\u00e4rker fr\u00e5n 2026 den befintliga djurv\u00e4lf\u00e4rdsers\u00e4ttningen f\u00f6r mj\u00f6lkkor med en ers\u00e4ttning f\u00f6r beteskravet. Tillskottet p\u00e5 282 miljoner kronor \u00e5rligen 2026 och 2027 inneb\u00e4r att nuvarande djurv\u00e4lf\u00e4rdsers\u00e4ttning ut\u00f6kas med 1 000 kronor per mj\u00f6lkko. En betesers\u00e4ttning ger mj\u00f6lkf\u00f6retagarna i Sverige b\u00e4ttre f\u00f6ruts\u00e4ttningar f\u00f6r en l\u00f6nsam och konkurrenskraftig produktion.<\/p>\n<p>Norrland<\/p>\n<p>Regeringen f\u00f6rst\u00e4rker det nationella st\u00f6det till jordbruket i norra Sverige med 120 miljoner kronor \u00e5rligen under perioden 2026\u20132028. Beloppet motsvarar ett fullt utnyttjande av EU-kommissionens beslut om Sveriges nationella st\u00f6d f\u00f6r perioden 2023\u20132028. Det nationella st\u00f6det till jordbruket i norra Sverige \u00e4r avg\u00f6rande f\u00f6r en bibeh\u00e5llen jordbruksproduktion i hela landet och bidrar till \u00f6ppet odlingslandskap, levande landsbygd och st\u00e4rkt f\u00f6rs\u00f6rjningsf\u00f6rm\u00e5ga.<\/p>\n<p>Investeringsfr\u00e4mjande<\/p>\n<p>Business Sweden f\u00e5r i uppdrag att l\u00e5ngsiktigt arbeta med att fr\u00e4mja investeringar i svensk livsmedelssektor. 2 miljoner kronor \u00e5rligen avs\u00e4tts f\u00f6r \u00e5tg\u00e4rden fram till 2030. Fler investeringar m\u00f6jligg\u00f6r teknisk utveckling, \u00f6kad innovation och h\u00f6gre produktivitet, vilket st\u00e4rker Sveriges konkurrenskraft och bidrar till att Sverige kan beh\u00e5lla och st\u00e4rka landets position som innovativ livsmedelsnation.<\/p>\n<p>Samtliga \u00e5tg\u00e4rder \u00e4r en del av genomf\u00f6randet av Livsmedelsstrategin 2.0 d\u00e4r regeringen kraftsamlar inom tre strategiska fokusomr\u00e5den:<\/p>\n<ul>\n<li>\u00d6kad robusthet i livsmedelskedjan<\/li>\n<li>Exportfr\u00e4mjande<\/li>\n<li>Svensk kvalitet och gastronomi<\/li>\n<\/ul>\n<p>Dessa beslut \u00e4r ett uttryck f\u00f6r en \u00f6kad ambitionsniv\u00e5, ett f\u00f6rdjupat partnerskap med n\u00e4ringen och en tydlig samordning f\u00f6r att n\u00e5 de riksdagsbundna m\u00e5len om \u00f6kad svensk livsmedelsproduktion till 2030.<\/p>\n","protected":false},"excerpt":{"rendered":"&#13; Regeringen har beslutat om 2026 \u00e5rs regleringsbrev f\u00f6r Jordbruksverket. F\u00f6rutom tidigare aviserade satsningar, s\u00e5som att nuvarande djurv\u00e4lf\u00e4rdsers\u00e4ttning&hellip;\n","protected":false},"author":2,"featured_media":67452,"comment_status":"","ping_status":"","sticky":false,"template":"","format":"standard","meta":{"footnotes":""},"categories":[12],"tags":[22,23,26,27,17,21,24,25,28,29,15,16,18,34,31,33,32,30,19,20],"class_list":{"0":"post-123538","1":"post","2":"type-post","3":"status-publish","4":"format-standard","5":"has-post-thumbnail","7":"category-sverige","8":"tag-breaking-news","9":"tag-breakingnews","10":"tag-featured-news","11":"tag-featurednews","12":"tag-headlines","13":"tag-huvudnyheter","14":"tag-latest-news","15":"tag-latestnews","16":"tag-main-news","17":"tag-mainnews","18":"tag-news","19":"tag-nyheter","20":"tag-rubriker","21":"tag-se","22":"tag-svenska","23":"tag-sverige","24":"tag-sweden","25":"tag-swedish","26":"tag-top-stories","27":"tag-topstories"},"share_on_mastodon":{"url":"https:\/\/pubeurope.com\/@se\/115825524205409311","error":""},"_links":{"self":[{"href":"https:\/\/www.europesays.com\/se\/wp-json\/wp\/v2\/posts\/123538","targetHints":{"allow":["GET"]}}],"collection":[{"href":"https:\/\/www.europesays.com\/se\/wp-json\/wp\/v2\/posts"}],"about":[{"href":"https:\/\/www.europesays.com\/se\/wp-json\/wp\/v2\/types\/post"}],"author":[{"embeddable":true,"href":"https:\/\/www.europesays.com\/se\/wp-json\/wp\/v2\/users\/2"}],"replies":[{"embeddable":true,"href":"https:\/\/www.europesays.com\/se\/wp-json\/wp\/v2\/comments?post=123538"}],"version-history":[{"count":0,"href":"https:\/\/www.europesays.com\/se\/wp-json\/wp\/v2\/posts\/123538\/revisions"}],"wp:featuredmedia":[{"embeddable":true,"href":"https:\/\/www.europesays.com\/se\/wp-json\/wp\/v2\/media\/67452"}],"wp:attachment":[{"href":"https:\/\/www.europesays.com\/se\/wp-json\/wp\/v2\/media?parent=123538"}],"wp:term":[{"taxonomy":"category","embeddable":true,"href":"https:\/\/www.europesays.com\/se\/wp-json\/wp\/v2\/categories?post=123538"},{"taxonomy":"post_tag","embeddable":true,"href":"https:\/\/www.europesays.com\/se\/wp-json\/wp\/v2\/tags?post=123538"}],"curies":[{"name":"wp","href":"https:\/\/api.w.org\/{rel}","templated":true}]}}