{"id":123551,"date":"2026-01-02T12:50:07","date_gmt":"2026-01-02T12:50:07","guid":{"rendered":"https:\/\/www.europesays.com\/se\/123551\/"},"modified":"2026-01-02T12:50:07","modified_gmt":"2026-01-02T12:50:07","slug":"inflationen-vantas-varit-oforandrad-i-december","status":"publish","type":"post","link":"https:\/\/www.europesays.com\/se\/123551\/","title":{"rendered":"Inflationen v\u00e4ntas varit of\u00f6r\u00e4ndrad i december"},"content":{"rendered":"<p class=\"font-sans text-base text-text-main dark:text-text-main-dark font-normal leading-[1.4]\">Det visar Infronts enk\u00e4t bland ekonomer inf\u00f6r det prelimin\u00e4ra KPIF-utfallet.<\/p>\n<p class=\"font-sans text-base text-text-main dark:text-text-main-dark font-normal leading-[1.4]\">I november sj\u00f6nk KPIF-inflationen till 2,3 procent fr\u00e5n 3,1 procent f\u00f6reg\u00e5ende m\u00e5nad. Den underliggande inflationen, KPIF-inflationen exklusive energi (KPIFXE), sj\u00f6nk samtidigt till 2,4 procent fr\u00e5n 2,8 procent. B\u00e5da utfallen var l\u00e4gre \u00e4n v\u00e4ntat.<\/p>\n<p class=\"font-sans text-base text-text-main dark:text-text-main-dark font-normal leading-[1.4]\">KPIF-inflationen v\u00e4ntas nu ligga kvar p\u00e5 2,3 procent i december medan KPIFXE-inflationen sp\u00e5s stiga till 2,6 procent.<\/p>\n<p class=\"font-sans text-base text-text-main dark:text-text-main-dark font-normal leading-[1.4]\">Riksbankens prognos, fr\u00e5n i december, pekade mot en KPIF-inflation p\u00e5 2,6 procent och \u00e4ven en KPIFXE-inflation p\u00e5 2,6 procent f\u00f6r december.<\/p>\n<p class=\"font-sans text-base text-text-main dark:text-text-main-dark font-normal leading-[1.4]\">Swedbank skriver att inflationen i november sj\u00f6nk betydligt mer \u00e4n deras prognos, d\u00e4r en viktig faktor var l\u00e4gre priser p\u00e5 varor som hemelektronik, vilket sannolikt berodde p\u00e5 en betydande effekt av Black Week-rean.<\/p>\n<p class=\"font-sans text-base text-text-main dark:text-text-main-dark font-normal leading-[1.4]\">Denna effekt v\u00e4ntas reverseras n\u00e4r vi g\u00e5r in i december. Samtidigt f\u00f6rv\u00e4ntas dock avsev\u00e4rt l\u00e4gre elpriser i december motverka en del av den v\u00e4ntade uppg\u00e5ngen, enligt banken. L\u00e4gre spotpriser och br\u00e4nslepriser fram\u00f6ver har lett till en nedrevidering av KPIF-prognosen.<\/p>\n<p class=\"font-sans text-base text-text-main dark:text-text-main-dark font-normal leading-[1.4]\">Livsmedelspriserna v\u00e4ntas vara stabila, bortsett fr\u00e5n normala s\u00e4songsvariationer, fram till dess att momss\u00e4nkningen p\u00e5 livsmedel genomf\u00f6rs i april.<\/p>\n<p class=\"font-sans text-base text-text-main dark:text-text-main-dark font-normal leading-[1.4]\">Vissa r\u00e5varor, som spannm\u00e5l, ligger p\u00e5 l\u00e5ga prisniv\u00e5er, vilket bidrar till att h\u00e5lla nere livsmedelspriserna. En starkare krona d\u00e4mpar ocks\u00e5 pris\u00f6kningarna p\u00e5 livsmedel under de kommande m\u00e5naderna.<\/p>\n<p class=\"font-sans text-base text-text-main dark:text-text-main-dark font-normal leading-[1.4]\">K\u00e4rninflationen, KPIF exklusive energi och moms p\u00e5 livsmedel, v\u00e4ntas ligga n\u00e5got under 2 procent under hela 2026, men n\u00e4ra Riksbankens m\u00e5l f\u00f6r KPIF under 2027.<\/p>\n<p class=\"font-sans text-base text-text-main dark:text-text-main-dark font-normal leading-[1.4]\">Kronan forts\u00e4tter sin f\u00f6rst\u00e4rkningstrend och bidrar till ett minskat inflationstryck.<\/p>\n<p class=\"font-sans text-base text-text-main dark:text-text-main-dark font-normal leading-[1.4]\">&#8221;Vi uppskattar att kronan ger sitt st\u00f6rsta negativa bidrag till KPIF-inflationen i december, d\u00e5 den s\u00e4nker den \u00e5rliga KPIF-inflationen med 0,7 procentenheter. \u00c4ven om den starkare kronan fortsatt bidrar till l\u00e4gre inflation fram\u00f6ver, avtar dess effekt \u00f6ver tid&#8221;, skriver Swedbank.<\/p>\n<p class=\"font-sans text-base text-text-main dark:text-text-main-dark font-normal leading-[1.4]\">Handelsbanken ser en Black Friday-relaterad uppg\u00e5ng i KPIFXE-inflationen till 2,6 procent i december.<\/p>\n<p class=\"font-sans text-base text-text-main dark:text-text-main-dark font-normal leading-[1.4]\">De ledande indikatorerna har st\u00e4rkts, och den underliggande inflationen v\u00e4ntas p\u00e5 kort sikt ligga ungef\u00e4r i linje med Riksbankens prognos.<\/p>\n<p class=\"font-sans text-base text-text-main dark:text-text-main-dark font-normal leading-[1.4]\">&#8221;Notera dock att ett ov\u00e4ntat fall i elpriserna i december inneb\u00e4r att den totala KPIF-inflationen kommer att hamna tydligt under Riksbankens nyligen publicerade prognos&#8221;, skriver Handelsbanken.<\/p>\n<p class=\"font-sans text-base text-text-main dark:text-text-main-dark font-normal leading-[1.4]\">SCB publicerar prelimin\u00e4ra november-KPIF torsdagen den 8 januari, klockan 8.00. Den definitiva statistiken publiceras den 15 januari.<\/p>\n","protected":false},"excerpt":{"rendered":"Det visar Infronts enk\u00e4t bland ekonomer inf\u00f6r det prelimin\u00e4ra KPIF-utfallet. I november sj\u00f6nk KPIF-inflationen till 2,3 procent fr\u00e5n&hellip;\n","protected":false},"author":2,"featured_media":123552,"comment_status":"","ping_status":"","sticky":false,"template":"","format":"standard","meta":{"footnotes":""},"categories":[65],"tags":[72,70,71,328,12987,2354,34,31,33,32,30],"class_list":{"0":"post-123551","1":"post","2":"type-post","3":"status-publish","4":"format-standard","5":"has-post-thumbnail","7":"category-ekonomi","8":"tag-business","9":"tag-economy","10":"tag-ekonomi","11":"tag-inflation","12":"tag-kpi","13":"tag-makro","14":"tag-se","15":"tag-svenska","16":"tag-sverige","17":"tag-sweden","18":"tag-swedish"},"share_on_mastodon":{"url":"https:\/\/pubeurope.com\/@se\/115825595054505512","error":""},"_links":{"self":[{"href":"https:\/\/www.europesays.com\/se\/wp-json\/wp\/v2\/posts\/123551","targetHints":{"allow":["GET"]}}],"collection":[{"href":"https:\/\/www.europesays.com\/se\/wp-json\/wp\/v2\/posts"}],"about":[{"href":"https:\/\/www.europesays.com\/se\/wp-json\/wp\/v2\/types\/post"}],"author":[{"embeddable":true,"href":"https:\/\/www.europesays.com\/se\/wp-json\/wp\/v2\/users\/2"}],"replies":[{"embeddable":true,"href":"https:\/\/www.europesays.com\/se\/wp-json\/wp\/v2\/comments?post=123551"}],"version-history":[{"count":0,"href":"https:\/\/www.europesays.com\/se\/wp-json\/wp\/v2\/posts\/123551\/revisions"}],"wp:featuredmedia":[{"embeddable":true,"href":"https:\/\/www.europesays.com\/se\/wp-json\/wp\/v2\/media\/123552"}],"wp:attachment":[{"href":"https:\/\/www.europesays.com\/se\/wp-json\/wp\/v2\/media?parent=123551"}],"wp:term":[{"taxonomy":"category","embeddable":true,"href":"https:\/\/www.europesays.com\/se\/wp-json\/wp\/v2\/categories?post=123551"},{"taxonomy":"post_tag","embeddable":true,"href":"https:\/\/www.europesays.com\/se\/wp-json\/wp\/v2\/tags?post=123551"}],"curies":[{"name":"wp","href":"https:\/\/api.w.org\/{rel}","templated":true}]}}