{"id":123561,"date":"2026-01-02T13:00:07","date_gmt":"2026-01-02T13:00:07","guid":{"rendered":"https:\/\/www.europesays.com\/se\/123561\/"},"modified":"2026-01-02T13:00:07","modified_gmt":"2026-01-02T13:00:07","slug":"nationell-kraftsamling-for-okad-rorelse","status":"publish","type":"post","link":"https:\/\/www.europesays.com\/se\/123561\/","title":{"rendered":"Nationell kraftsamling f\u00f6r \u00f6kad r\u00f6relse"},"content":{"rendered":"<p>&#13;<br \/>\nRegeringen har beslutat om ett uppdrag till Folkh\u00e4lsomyndigheten i 2026 \u00e5rs regleringsbrev f\u00f6r att genomf\u00f6ra en nationell kraftsamling f\u00f6r \u00f6kad r\u00f6relse. Insatserna ska fr\u00e4mja h\u00e4lsa och v\u00e4lbefinnande i hela befolkningen. <\/p>\n<p>\u2013 \u00a0Vi sitter stilla mer \u00e4n n\u00e5gonsin och det \u00e4r en \u00e4r en v\u00e4xande utmaning d\u00e5 det p\u00e5verkar b\u00e5de livskvalitet och h\u00e4lsa. Med en nationell kraftsamling f\u00f6r r\u00f6relse samlar vi akt\u00f6rer i hela samh\u00e4llet f\u00f6r att tillsammans f\u00f6rb\u00e4ttra f\u00f6ruts\u00e4ttningarna till h\u00e4lsa och skapa ett mer r\u00f6relsefr\u00e4mjande samh\u00e4lle, s\u00e4ger socialminister Jakob Forssmed.\u00a0<\/p>\n<p>\u2013 Genom detta uppdrag st\u00e4rker vi m\u00e4nniskors m\u00f6jligheter att vara aktiva i sin vardag, oavsett \u00e5lder. F\u00f6r \u00e4ldre kan r\u00f6relse g\u00f6ra s\u00e4rskild stor skillnad b\u00e5de f\u00f6r h\u00e4lsa och livskvalitet och bidra till att bryta ofrivillig ensamhet. R\u00f6relse fr\u00e4mjar b\u00e5de fysisk och psykisk h\u00e4lsa och bidrar till \u00f6kad livskvalitet i hela befolkningen. Det h\u00e4r \u00e4r en viktig satsning f\u00f6r att bygga ett mer h\u00e4lsofr\u00e4mjande samh\u00e4lle d\u00e4r fler kan m\u00e5 bra genom hela livet oavsett \u00e5lder, s\u00e4ger \u00e4ldre- och socialf\u00f6rs\u00e4kringsminister Anna Tenje.\u00a0<\/p>\n<p>\u2013 Stillasittande \u00e4r ett v\u00e4xande problem som f\u00e5r omfattade negativa konsekvenser f\u00f6r hela livskvaliteten och h\u00e4lsan. Nu kraftsamlar vi nationellt f\u00f6r att \u00f6ka r\u00f6relsen i hela samh\u00e4llet. Alla, oavsett \u00e5lder, bakgrund eller f\u00f6ruts\u00e4ttningar, ska f\u00e5 b\u00e4ttre m\u00f6jligheter till ett aktivt liv. Tillsammans bygger vi ett Sverige d\u00e4r h\u00e4lsa och v\u00e4lbefinnande \u00e4r en sj\u00e4lvklar del av vardagen, s\u00e4ger Liberalernas sjukv\u00e5rdspolitiska talesperson Lina Nordquist.\u00a0<\/p>\n<p>Folkh\u00e4lsomyndigheten ska\u202fgenomf\u00f6ra\u202fen kraftsamling\u202ff\u00f6r att \u00f6ka den dagliga r\u00f6relsen i befolkningen\u202funder 2026 och skapa f\u00f6ruts\u00e4ttningar f\u00f6r ett aktivt samh\u00e4lle.\u202fUtbildning, fritid, samh\u00e4llsplanering, transport, h\u00e4lso- och sjukv\u00e5rd och omsorg samt arbetsliv \u00e4r sektorer i s\u00e4rskilt fokus. M\u00e5let \u00e4r att \u00f6ka den dagliga r\u00f6relsen och fr\u00e4mja fysisk aktivitet i hela samh\u00e4llet, d\u00e4r fokusomr\u00e5den ska vara\u202fbarn och unga, personer i yrkesf\u00f6r \u00e5lder,\u202f\u00e4ldre,\u202fsamt\u202fatt s\u00e4rskilt uppm\u00e4rksamma f\u00f6ruts\u00e4ttningarna f\u00f6r daglig r\u00f6relse f\u00f6r personer med funktionsneds\u00e4ttning.\u202f\u202f\u00a0<\/p>\n<p>Kraftsamlingen\u202fbygger p\u00e5 det f\u00f6rberedande\u202fuppdrag\u202fsom genomf\u00f6rdes under 2025\u202foch\u202fsker\u202fi dialog med\u202fen bredd av\u202fakt\u00f6rer\u202fs\u00e5som myndigheter, regioner, kommuner och civilsamh\u00e4llesakt\u00f6rer.\u202fArbetet genomf\u00f6rs i\u202flinje med etableringen av det\u202fnationella\u202fkompetenscentret\u202ff\u00f6r fr\u00e4mjande av fysisk aktivitet\u202fp\u00e5 Folkh\u00e4lsomyndigheten.\u202f\u00a0<\/p>\n<p>F\u00f6r uppdraget f\u00e5r myndigheten anv\u00e4nda 15 miljoner kronor under 2026.\u202fDelredovisning ska l\u00e4mnas senast den 30 april 2026, och slutredovisning senast den 31 mars 2027.\u202f\u202f\u00a0<\/p>\n","protected":false},"excerpt":{"rendered":"&#13; Regeringen har beslutat om ett uppdrag till Folkh\u00e4lsomyndigheten i 2026 \u00e5rs regleringsbrev f\u00f6r att genomf\u00f6ra en nationell&hellip;\n","protected":false},"author":2,"featured_media":67452,"comment_status":"","ping_status":"","sticky":false,"template":"","format":"standard","meta":{"footnotes":""},"categories":[12],"tags":[22,23,26,27,17,21,24,25,28,29,15,16,18,34,31,33,32,30,19,20],"class_list":{"0":"post-123561","1":"post","2":"type-post","3":"status-publish","4":"format-standard","5":"has-post-thumbnail","7":"category-sverige","8":"tag-breaking-news","9":"tag-breakingnews","10":"tag-featured-news","11":"tag-featurednews","12":"tag-headlines","13":"tag-huvudnyheter","14":"tag-latest-news","15":"tag-latestnews","16":"tag-main-news","17":"tag-mainnews","18":"tag-news","19":"tag-nyheter","20":"tag-rubriker","21":"tag-se","22":"tag-svenska","23":"tag-sverige","24":"tag-sweden","25":"tag-swedish","26":"tag-top-stories","27":"tag-topstories"},"share_on_mastodon":{"url":"https:\/\/pubeurope.com\/@se\/115825634487318913","error":""},"_links":{"self":[{"href":"https:\/\/www.europesays.com\/se\/wp-json\/wp\/v2\/posts\/123561","targetHints":{"allow":["GET"]}}],"collection":[{"href":"https:\/\/www.europesays.com\/se\/wp-json\/wp\/v2\/posts"}],"about":[{"href":"https:\/\/www.europesays.com\/se\/wp-json\/wp\/v2\/types\/post"}],"author":[{"embeddable":true,"href":"https:\/\/www.europesays.com\/se\/wp-json\/wp\/v2\/users\/2"}],"replies":[{"embeddable":true,"href":"https:\/\/www.europesays.com\/se\/wp-json\/wp\/v2\/comments?post=123561"}],"version-history":[{"count":0,"href":"https:\/\/www.europesays.com\/se\/wp-json\/wp\/v2\/posts\/123561\/revisions"}],"wp:featuredmedia":[{"embeddable":true,"href":"https:\/\/www.europesays.com\/se\/wp-json\/wp\/v2\/media\/67452"}],"wp:attachment":[{"href":"https:\/\/www.europesays.com\/se\/wp-json\/wp\/v2\/media?parent=123561"}],"wp:term":[{"taxonomy":"category","embeddable":true,"href":"https:\/\/www.europesays.com\/se\/wp-json\/wp\/v2\/categories?post=123561"},{"taxonomy":"post_tag","embeddable":true,"href":"https:\/\/www.europesays.com\/se\/wp-json\/wp\/v2\/tags?post=123561"}],"curies":[{"name":"wp","href":"https:\/\/api.w.org\/{rel}","templated":true}]}}