{"id":123562,"date":"2026-01-02T13:01:09","date_gmt":"2026-01-02T13:01:09","guid":{"rendered":"https:\/\/www.europesays.com\/se\/123562\/"},"modified":"2026-01-02T13:01:09","modified_gmt":"2026-01-02T13:01:09","slug":"stormen-anna-staller-till-det-i-europa-emilia-fast-pa-flygplatsen","status":"publish","type":"post","link":"https:\/\/www.europesays.com\/se\/123562\/","title":{"rendered":"Stormen Anna st\u00e4ller till det i Europa \u2013 Emilia fast p\u00e5 flygplatsen"},"content":{"rendered":"<p><a data-test-tag=\"internal-link\" href=\"https:\/\/www.aftonbladet.se\/av\/albin-almqvist\" class=\"hyperion-css-13ns1rr\" rel=\"nofollow noopener\" target=\"\" aria-label=\"Se alla artiklar av Albin Almqvist\"><img decoding=\"async\" class=\"image-asset hyperion-css-n6kkq1\" data-test-tag=\"image-asset\" src=\"https:\/\/www.europesays.com\/se\/wp-content\/uploads\/2026\/01\/a6ce5bb6-c605-4745-9ae0-580a508a5022.png\"  alt=\"\"  loading=\"lazy\" fetchpriority=\"auto\" style=\"aspect-ratio:1900 \/ 1900\"\/><\/a>share-arrowDela<\/p>\n<p>unsaveSpara<\/p>\n<p>expand-left<\/p>\n<p>helsk\u00e4rm<img decoding=\"async\" class=\"image-asset hyperion-css-u06ts1\" data-test-tag=\"image-asset\" src=\"https:\/\/www.europesays.com\/se\/wp-content\/uploads\/2026\/01\/9bf9ba2c-959a-418b-9101-d0797c3523e7.jpeg\"  alt=\"K\u00f6er p\u00e5 Schipol. \"  loading=\"eager\" fetchpriority=\"high\" style=\"aspect-ratio:600 \/ 800\"\/>K\u00f6er p\u00e5 Schipol. Foto: Emilia Dufva<\/p>\n<p class=\"hyperion-css-1shl3oz\" data-test-tag=\"lead-text\">Stormen Anna st\u00e4ller till det \u2013 inte bara i Sverige.<\/p>\n<p class=\"hyperion-css-1shl3oz\" data-test-tag=\"lead-text\">I Nederl\u00e4nderna har tusentals resen\u00e4rer blivit strandade p\u00e5 grund av vinterv\u00e4dret.<\/p>\n<p class=\"hyperion-css-1shl3oz\" data-test-tag=\"lead-text\">\u2013 Det \u00e4r folk \u00f6verallt, s\u00e4ger Emilia Dufva, som sitter och v\u00e4ntar p\u00e5 flygplatsen i Amsterdam.<\/p>\n<p class=\"hyperion-css-1v9qo5x\">Enligt lokala medier varnar <a data-test-tag=\"internal-link\" href=\"https:\/\/www.aftonbladet.se\/tagg\/amsterdam\" class=\"hyperion-css-15jkft9\" rel=\"nofollow noopener\" target=\"\" aria-label=\"Amsterdams\">Amsterdams<\/a> flygplats Schipol resen\u00e4rer. De har st\u00e4llt in dussintals flyg under morgonen, och det kan bli fler under dagen. <\/p>\n<p class=\"hyperion-css-1v9qo5x\">Anledningen \u00e4r sn\u00f6n, som letat sig ned \u00e4ven till kontinenten. <\/p>\n<p class=\"hyperion-css-1v9qo5x\">Nederl\u00e4ndernas meteorologiska institut utf\u00e4rdade under torsdagen en gul v\u00e4dervarning f\u00f6r sn\u00f6 och vind. \u00c4ven i Nederl\u00e4nderna har stormen f\u00e5tt namnet Anna, rapporterar NL Times.<\/p>\n<p class=\"hyperion-css-1v9qo5x\">&#8221;P\u00e5 grund av vinternederb\u00f6rden och den starka v\u00e4stvinden tvingas vi minska kapaciteten. Vi vet \u00e4nnu inte hur l\u00e4nge detta kommer att vara&#8221;, s\u00e4ger en talesperson f\u00f6r flygledningen i landet, enligt De Telegraaf.<\/p>\n<p>expand-left<\/p>\n<p>helsk\u00e4rm<img decoding=\"async\" class=\"image-asset hyperion-css-u06ts1\" data-test-tag=\"image-asset\" src=\"https:\/\/www.europesays.com\/se\/wp-content\/uploads\/2026\/01\/a94d966e-8447-471c-90be-0e9225529173.jpeg\"  alt=\"\"  loading=\"eager\" fetchpriority=\"high\" style=\"aspect-ratio:540 \/ 720\"\/> Foto: Emilia Dufva<\/p>\n<p class=\"hyperion-css-1v9qo5x\">En av de tusentals resen\u00e4rer som sitter fast p\u00e5 flygplatsen i Amsterdam \u00e4r Emilia Dufva, 26, fr\u00e5n Norrk\u00f6ping.<\/p>\n<p class=\"hyperion-css-1v9qo5x\">Hon, och hennes medresen\u00e4rer, hann kliva p\u00e5 planet som skulle ta dem till Arlanda imorse, innan beskedet kom.<\/p>\n<p class=\"hyperion-css-1v9qo5x\">\u2013 Efter att vi suttit i planet i \u00f6ver en timme fick vi pl\u00f6tsligt h\u00f6ra att flyget st\u00e4llts in. Det var sn\u00f6 p\u00e5 vingarna som de inte kunde f\u00e5 bort, s\u00e4ger Emilia.<\/p>\n<p>expand-left<\/p>\n<p>helsk\u00e4rm<img decoding=\"async\" class=\"image-asset hyperion-css-u06ts1\" data-test-tag=\"image-asset\" src=\"https:\/\/www.europesays.com\/se\/wp-content\/uploads\/2026\/01\/2ad076c5-e4d2-4185-aa08-787119ca8a57.jpeg\"  alt=\"\"  loading=\"eager\" fetchpriority=\"high\" style=\"aspect-ratio:600 \/ 800\"\/> Foto: Emilia Dufva<\/p>\n<p class=\"hyperion-css-1v9qo5x\">Nu sitter hon och v\u00e4ntar p\u00e5 flygplatsen, innan hon f\u00f6rhoppningsvis ska f\u00e5 ta ett nytt flyg i kv\u00e4ll.<\/p>\n<p class=\"hyperion-css-1v9qo5x\">\u2013 Det \u00e4r folk \u00f6verallt h\u00e4r nu. Ingen vet vart de ska ta v\u00e4gen och det \u00e4r fullt p\u00e5 alla serveringar och restauranger, s\u00e4ger hon och forts\u00e4tter:<\/p>\n<p class=\"hyperion-css-1v9qo5x\">\u2013 Vissa ligger p\u00e5 golvet.<\/p>\n<p class=\"hyperion-css-1v9qo5x\">Under f\u00f6rmiddagen har det varit tusentals m\u00e4nniskor i k\u00f6er till de olika servicediskarna p\u00e5 flygplatsen, s\u00e4ger Emilia.<\/p>\n<p class=\"hyperion-css-1v9qo5x\">\u2013 M\u00e5nga \u00e4r v\u00e4ldigt besvikna, f\u00f6r att de inte hinner hem till jobb och s\u00e5dant, s\u00e4ger hon.<\/p>\n","protected":false},"excerpt":{"rendered":"share-arrowDela unsaveSpara expand-left helsk\u00e4rmK\u00f6er p\u00e5 Schipol. Foto: Emilia Dufva Stormen Anna st\u00e4ller till det \u2013 inte bara i&hellip;\n","protected":false},"author":2,"featured_media":123563,"comment_status":"","ping_status":"","sticky":false,"template":"","format":"standard","meta":{"footnotes":""},"categories":[5],"tags":[22,23,26,27,17,21,24,25,28,29,15,16,18,34,31,33,32,30,19,20],"class_list":{"0":"post-123562","1":"post","2":"type-post","3":"status-publish","4":"format-standard","5":"has-post-thumbnail","7":"category-rubriker","8":"tag-breaking-news","9":"tag-breakingnews","10":"tag-featured-news","11":"tag-featurednews","12":"tag-headlines","13":"tag-huvudnyheter","14":"tag-latest-news","15":"tag-latestnews","16":"tag-main-news","17":"tag-mainnews","18":"tag-news","19":"tag-nyheter","20":"tag-rubriker","21":"tag-se","22":"tag-svenska","23":"tag-sverige","24":"tag-sweden","25":"tag-swedish","26":"tag-top-stories","27":"tag-topstories"},"share_on_mastodon":{"url":"https:\/\/pubeurope.com\/@se\/115825638289401502","error":""},"_links":{"self":[{"href":"https:\/\/www.europesays.com\/se\/wp-json\/wp\/v2\/posts\/123562","targetHints":{"allow":["GET"]}}],"collection":[{"href":"https:\/\/www.europesays.com\/se\/wp-json\/wp\/v2\/posts"}],"about":[{"href":"https:\/\/www.europesays.com\/se\/wp-json\/wp\/v2\/types\/post"}],"author":[{"embeddable":true,"href":"https:\/\/www.europesays.com\/se\/wp-json\/wp\/v2\/users\/2"}],"replies":[{"embeddable":true,"href":"https:\/\/www.europesays.com\/se\/wp-json\/wp\/v2\/comments?post=123562"}],"version-history":[{"count":0,"href":"https:\/\/www.europesays.com\/se\/wp-json\/wp\/v2\/posts\/123562\/revisions"}],"wp:featuredmedia":[{"embeddable":true,"href":"https:\/\/www.europesays.com\/se\/wp-json\/wp\/v2\/media\/123563"}],"wp:attachment":[{"href":"https:\/\/www.europesays.com\/se\/wp-json\/wp\/v2\/media?parent=123562"}],"wp:term":[{"taxonomy":"category","embeddable":true,"href":"https:\/\/www.europesays.com\/se\/wp-json\/wp\/v2\/categories?post=123562"},{"taxonomy":"post_tag","embeddable":true,"href":"https:\/\/www.europesays.com\/se\/wp-json\/wp\/v2\/tags?post=123562"}],"curies":[{"name":"wp","href":"https:\/\/api.w.org\/{rel}","templated":true}]}}