{"id":123568,"date":"2026-01-02T13:08:10","date_gmt":"2026-01-02T13:08:10","guid":{"rendered":"https:\/\/www.europesays.com\/se\/123568\/"},"modified":"2026-01-02T13:08:10","modified_gmt":"2026-01-02T13:08:10","slug":"har-ar-arets-forsta-bebis-pa-vasterviks-sjukhus-vasterviks-tidningen","status":"publish","type":"post","link":"https:\/\/www.europesays.com\/se\/123568\/","title":{"rendered":"H\u00e4r \u00e4r \u00e5rets f\u00f6rsta bebis p\u00e5 V\u00e4sterviks sjukhus &#8211; V\u00e4sterviks-Tidningen"},"content":{"rendered":"<ol>\n<li><a href=\"https:\/\/news.google.com\/rss\/articles\/CBMioAFBVV95cUxQNlVXZkNxdVJSQTUzQlB5T2h6Z1Azcjc1emhZNnFfNFRCMnNjZXRCTkdBRUp0QWRIOGdpYzhJRmRwUDlsUkpOLXNyWmJybXJYU3pGRG1YTGpvc2xnc0JKVnJBYnpoU0JKekJQUllySEJEc3pUUkl2bmRLWmloVF9ZSmowOGVqUUtRaWZhTU5MUWRNaFZmejhld1pUcF9KRVk5?oc=5\" target=\"_blank\" rel=\"nofollow noopener\">H\u00e4r \u00e4r \u00e5rets f\u00f6rsta bebis p\u00e5 V\u00e4sterviks sjukhus<\/a>&nbsp;&nbsp;V\u00e4sterviks-Tidningen<\/li>\n<li><a href=\"https:\/\/news.google.com\/rss\/articles\/CBMihwFBVV95cUxNX0hLU3VMYllUWHlLdXVqNHFIVV81a204QzltcU83VFZpVThKcmFXMFZ6M0g2WEVNdE9oV01YbjdaRnhGek4wNHVDS2RnMEZiMzJmZnl3cURGcXpjNE5HNzJHWGZkTTkwd2VTRFRmR2V2NkNGS1NqbTM2Mi11OFQyakNTMWwybWs?oc=5\" target=\"_blank\" rel=\"nofollow noopener\">34 sekunder in p\u00e5 2026 \u2013 d\u00e5 kom Lennox<\/a>&nbsp;&nbsp;Aftonbladet<\/li>\n<li><a href=\"https:\/\/news.google.com\/rss\/articles\/CBMingFBVV95cUxQQjl4cUt4TnlTcUNWVWtQdnJ2QjZqODMzb05icWtIREMxcmwybHlWWTBhRDRKNldjRlpZZVIzRWJJM1BFdjJTbFZTbnpnNWdUUVNKRmRZZW5oQ3V5eFJOSzVpN2tnVE15TmRaZFAwdkU1SnItYXh6eDBZbndjandNMTFicXRDZG1uZTV3ME9rdHFQZDVJWXJhdjhUWTFDQQ?oc=5\" target=\"_blank\" rel=\"nofollow noopener\">\u00c5rets f\u00f6rstf\u00f6dda bebis i Skellefte\u00e5 \u2013 Milos kom ut p\u00e5 sju minuter<\/a>&nbsp;&nbsp;Norran<\/li>\n<li><a href=\"https:\/\/news.google.com\/rss\/articles\/CBMipgFBVV95cUxQalFBOHdqZENhRW12MVNuMzZLWUtUYmI4SjFIM3NCU0g2WGRHeDk1WlNmbElPYmxQTndEaGoxb0dCYk12TEJwUDJJYWJUUi1GSWpFbVFwTWN2aER1aGFHVU1FU2VuMUxIM092UklMN3VIZFY1R09mdjV0QlN1SHFpNGlqNzNwVzZTYVY1MkJ4b0N1TWpmbW1saUhvVlJSdXo5NVJqckV3?oc=5\" target=\"_blank\" rel=\"nofollow noopener\">Linda och Seth fick \u00e5rets f\u00f6rsta gotl\u00e4nning 2026<\/a>&nbsp;&nbsp;Helagotland<\/li>\n<li><a href=\"https:\/\/news.google.com\/rss\/articles\/CBMioAFBVV95cUxNQlJESXdwNDg4b3RUdmVfSXloY3VWWldrTm9ZeUctUWFYS3huNjRkQS1OeFRqQ0hJWjlVX2s4XzlVbzFTcFgwR21GVTMyQ0hvNldzWkluRkJQdEllTklZcUY1Nm9GdVpnV19QWE5JOHdMRzlkMWxXS1FweVQ2bWFaXzdIZ3ZtcTdnelhjUkhJN09RdXNhbjBkQTJIMTlfbndy?oc=5\" target=\"_blank\" rel=\"nofollow noopener\">FBK-supportern Lennox \u00e4r \u00e5rets f\u00f6rsta v\u00e4rml\u00e4nning \u2013 f\u00f6ddes 00.00<\/a>&nbsp;&nbsp;NWT<\/li>\n<\/ol>\n","protected":false},"excerpt":{"rendered":"H\u00e4r \u00e4r \u00e5rets f\u00f6rsta bebis p\u00e5 V\u00e4sterviks sjukhus&nbsp;&nbsp;V\u00e4sterviks-Tidningen 34 sekunder in p\u00e5 2026 \u2013 d\u00e5 kom Lennox&nbsp;&nbsp;Aftonbladet \u00c5rets&hellip;\n","protected":false},"author":2,"featured_media":123569,"comment_status":"","ping_status":"","sticky":false,"template":"","format":"standard","meta":{"footnotes":""},"categories":[12],"tags":[22,23,26,27,17,21,24,25,28,29,15,16,18,34,31,33,32,30,19,20],"class_list":{"0":"post-123568","1":"post","2":"type-post","3":"status-publish","4":"format-standard","5":"has-post-thumbnail","7":"category-sverige","8":"tag-breaking-news","9":"tag-breakingnews","10":"tag-featured-news","11":"tag-featurednews","12":"tag-headlines","13":"tag-huvudnyheter","14":"tag-latest-news","15":"tag-latestnews","16":"tag-main-news","17":"tag-mainnews","18":"tag-news","19":"tag-nyheter","20":"tag-rubriker","21":"tag-se","22":"tag-svenska","23":"tag-sverige","24":"tag-sweden","25":"tag-swedish","26":"tag-top-stories","27":"tag-topstories"},"share_on_mastodon":{"url":"https:\/\/pubeurope.com\/@se\/115825665907163543","error":""},"_links":{"self":[{"href":"https:\/\/www.europesays.com\/se\/wp-json\/wp\/v2\/posts\/123568","targetHints":{"allow":["GET"]}}],"collection":[{"href":"https:\/\/www.europesays.com\/se\/wp-json\/wp\/v2\/posts"}],"about":[{"href":"https:\/\/www.europesays.com\/se\/wp-json\/wp\/v2\/types\/post"}],"author":[{"embeddable":true,"href":"https:\/\/www.europesays.com\/se\/wp-json\/wp\/v2\/users\/2"}],"replies":[{"embeddable":true,"href":"https:\/\/www.europesays.com\/se\/wp-json\/wp\/v2\/comments?post=123568"}],"version-history":[{"count":0,"href":"https:\/\/www.europesays.com\/se\/wp-json\/wp\/v2\/posts\/123568\/revisions"}],"wp:featuredmedia":[{"embeddable":true,"href":"https:\/\/www.europesays.com\/se\/wp-json\/wp\/v2\/media\/123569"}],"wp:attachment":[{"href":"https:\/\/www.europesays.com\/se\/wp-json\/wp\/v2\/media?parent=123568"}],"wp:term":[{"taxonomy":"category","embeddable":true,"href":"https:\/\/www.europesays.com\/se\/wp-json\/wp\/v2\/categories?post=123568"},{"taxonomy":"post_tag","embeddable":true,"href":"https:\/\/www.europesays.com\/se\/wp-json\/wp\/v2\/tags?post=123568"}],"curies":[{"name":"wp","href":"https:\/\/api.w.org\/{rel}","templated":true}]}}