{"id":123578,"date":"2026-01-02T13:16:59","date_gmt":"2026-01-02T13:16:59","guid":{"rendered":"https:\/\/www.europesays.com\/se\/123578\/"},"modified":"2026-01-02T13:16:59","modified_gmt":"2026-01-02T13:16:59","slug":"stormen-anna-lamnar-tusentals-hushall-utan-el","status":"publish","type":"post","link":"https:\/\/www.europesays.com\/se\/123578\/","title":{"rendered":"Stormen Anna l\u00e4mnar tusentals hush\u00e5ll utan el"},"content":{"rendered":"<p>Knappt hade stormen Johannes dragit iv\u00e4g i mellandagarna innan Anna slog till p\u00e5 ny\u00e5rsdagen. Det var inledningsvis tal om att uppemot en halvmeter sn\u00f6 skulle falla p\u00e5 sina h\u00e5ll, men riktigt s\u00e5 illa blev det inte.<\/p>\n<p>\u2013 Det \u00e4r mest m\u00e4tningar p\u00e5 mellan 20 och 30 centimeter, med en toppnotering p\u00e5 32 fr\u00e5n v\u00e5r h\u00e4lsingestation i Finnfara. Andra drabbade omr\u00e5den \u00e4r G\u00e4strikland och delar av Dalarna och Uppland, s\u00e4ger SMHI:s meteorolog Moa Hallberg.<\/p>\n<p><strong>V\u00e4rst har det varit<\/strong> f\u00f6r G\u00e4vleborgs l\u00e4n, \u00e4ven om det blev n\u00e5got mer s\u00f6derut \u00e4n vad prognosen siat om. Det \u00e4r ocks\u00e5 den regionen som har drabbats v\u00e4rst av f\u00f6ljder som str\u00f6ml\u00f6shet \u2013 n\u00e4stan alla av de cirka 4\u00a0000 hush\u00e5ll som p\u00e5 fredagsmorgonen fortfarande var utan el fanns i G\u00e4vletrakten.<\/p>\n<p>I nord\u00f6stra Svealand utf\u00e4rdade f\u00f6r \u00f6vrigt SMHI en ny orange varning, eller snarare f\u00f6rl\u00e4ngdes den som varit fr\u00e5n torsdagen till att g\u00e4lla till klockan 12 p\u00e5 s\u00f6ndag, fr\u00e5n s\u00f6der om G\u00e4vle till norr om Nyn\u00e4shamn.<\/p>\n<p>Den bitvis kraftiga bl\u00e5sten har ocks\u00e5 orsakat drivor av sn\u00f6 som f\u00f6rsv\u00e5rat trafiken. T\u00e5gavg\u00e5ngar har st\u00e4llts in och Arlandaflighter har skjutits upp, men p\u00e5 v\u00e4garna har det av allt att d\u00f6ma varit lugnare \u00e4n befarat, enligt Sveriges Radios Trafikredaktion.<\/p>\n<p>Trafikverket hade p\u00e5 f\u00f6rhand uppmanat allm\u00e4nheten att \u201dinte ge sig ut i trafiken \u00f6ver huvud taget\u201d. Den som \u00f6verv\u00e4ger att ge sig ut i bil ska \u00e4nnu p\u00e5 fredagen bara g\u00f6ra det om det \u00e4r ett m\u00e5ste i s\u00f6dra Norrlands kustland, sydligaste Norrland och stora delar av Svealand, enligt myndigheten som markerat \u00e4ven de stora v\u00e4garna i de omr\u00e5dena med r\u00f6tt.<\/p>\n<p>\u2013 Vi ser att trafikanterna tagit v\u00e5ra uppmaningar p\u00e5 allvar och det har inte varit fler olyckor \u00e4n en vanlig dag. Vi har jobbat intensivt med sn\u00f6r\u00f6jning och inga st\u00f6rre v\u00e4gavst\u00e4ngningar har gjorts, s\u00e4ger Trafikverkets presskommunikat\u00f6r Beisi Sundin.<\/p>\n<p><strong>P\u00e5 t\u00e5gsidan st\u00e4ngde man<\/strong> str\u00e4ckorna mellan G\u00e4vle och Sundsvall respektive Ljusdal samt mellan Sundsvall och \u00c5nge respektive Ume\u00e5, men prognosen \u00e4r att de kan \u00f6ppna igen under fredagen. Trafikverket har tillsammans med polis och r\u00e4ddningstj\u00e4nst mobiliserat tio bandvagnar kring G\u00e4vle och ytterligare n\u00e5gra runt Uppsala.<\/p>\n<p>Den r\u00f6da varningen \u00f6ver norra Uppland och G\u00e4vleborg mildrades ocks\u00e5 till orange p\u00e5 fredagsmorgonen, men SMHI sp\u00e5r fortsatt tidvis ymnigt sn\u00f6fall i omr\u00e5det. Norra och mellersta G\u00f6taland kommer enligt prognosen ocks\u00e5 att f\u00e5 kraftigt sn\u00f6fall lokalt fram till tidiga kv\u00e4llen, men innan dagen \u00e4r \u00f6ver ska de orange varningarna ocks\u00e5 plockas ner.<\/p>\n<p>\u2013 L\u00e5gtrycket Anna ser ut att ha parkerat sig ute p\u00e5 \u00d6stersj\u00f6n och v\u00e4ntas ligga kvar de n\u00e4rmaste dagarna. Det kommer att bli kallare och fr\u00e5n natten till l\u00f6rdag blir det generellt minusgrader, \u00e4ven i de sydligaste delarna, med tv\u00e5siffrigt under nollan i hela Norrland och som l\u00e4gst n\u00e4rmare 30, s\u00e4ger Moa Hallberg.<\/p>\n","protected":false},"excerpt":{"rendered":"Knappt hade stormen Johannes dragit iv\u00e4g i mellandagarna innan Anna slog till p\u00e5 ny\u00e5rsdagen. Det var inledningsvis tal&hellip;\n","protected":false},"author":2,"featured_media":123579,"comment_status":"","ping_status":"","sticky":false,"template":"","format":"standard","meta":{"footnotes":""},"categories":[12],"tags":[22,23,26,27,17,21,24,25,28,29,15,16,18,34,31,33,32,30,19,20],"class_list":{"0":"post-123578","1":"post","2":"type-post","3":"status-publish","4":"format-standard","5":"has-post-thumbnail","7":"category-sverige","8":"tag-breaking-news","9":"tag-breakingnews","10":"tag-featured-news","11":"tag-featurednews","12":"tag-headlines","13":"tag-huvudnyheter","14":"tag-latest-news","15":"tag-latestnews","16":"tag-main-news","17":"tag-mainnews","18":"tag-news","19":"tag-nyheter","20":"tag-rubriker","21":"tag-se","22":"tag-svenska","23":"tag-sverige","24":"tag-sweden","25":"tag-swedish","26":"tag-top-stories","27":"tag-topstories"},"share_on_mastodon":{"url":"https:\/\/pubeurope.com\/@se\/115825701325190044","error":""},"_links":{"self":[{"href":"https:\/\/www.europesays.com\/se\/wp-json\/wp\/v2\/posts\/123578","targetHints":{"allow":["GET"]}}],"collection":[{"href":"https:\/\/www.europesays.com\/se\/wp-json\/wp\/v2\/posts"}],"about":[{"href":"https:\/\/www.europesays.com\/se\/wp-json\/wp\/v2\/types\/post"}],"author":[{"embeddable":true,"href":"https:\/\/www.europesays.com\/se\/wp-json\/wp\/v2\/users\/2"}],"replies":[{"embeddable":true,"href":"https:\/\/www.europesays.com\/se\/wp-json\/wp\/v2\/comments?post=123578"}],"version-history":[{"count":0,"href":"https:\/\/www.europesays.com\/se\/wp-json\/wp\/v2\/posts\/123578\/revisions"}],"wp:featuredmedia":[{"embeddable":true,"href":"https:\/\/www.europesays.com\/se\/wp-json\/wp\/v2\/media\/123579"}],"wp:attachment":[{"href":"https:\/\/www.europesays.com\/se\/wp-json\/wp\/v2\/media?parent=123578"}],"wp:term":[{"taxonomy":"category","embeddable":true,"href":"https:\/\/www.europesays.com\/se\/wp-json\/wp\/v2\/categories?post=123578"},{"taxonomy":"post_tag","embeddable":true,"href":"https:\/\/www.europesays.com\/se\/wp-json\/wp\/v2\/tags?post=123578"}],"curies":[{"name":"wp","href":"https:\/\/api.w.org\/{rel}","templated":true}]}}