{"id":123591,"date":"2026-01-02T13:26:06","date_gmt":"2026-01-02T13:26:06","guid":{"rendered":"https:\/\/www.europesays.com\/se\/123591\/"},"modified":"2026-01-02T13:26:06","modified_gmt":"2026-01-02T13:26:06","slug":"varnar-for-sno-hela-helgen-och-hala-vagar-svd","status":"publish","type":"post","link":"https:\/\/www.europesays.com\/se\/123591\/","title":{"rendered":"Varnar f\u00f6r sn\u00f6 hela helgen \u2013 och hala v\u00e4gar &#8211; SvD"},"content":{"rendered":"<ol>\n<li><a href=\"https:\/\/news.google.com\/rss\/articles\/CBMiekFVX3lxTE5KanFmZUcybjg4SjNhZHBRNHNKcGt5cFM4OThPWU5WOFlPZlF3dUd4WWZ4MWJYdGNKYnd1eW0tTUY4U1oyaXF6OG5iWHZlODY2UWRjNy1ZR0tMX2pfM1FIR2M3b2MzUk8ySkhCcFRxR0I4SHZqVWRaLWN3?oc=5\" target=\"_blank\" rel=\"nofollow noopener\">Varnar f\u00f6r sn\u00f6 hela helgen \u2013 och hala v\u00e4gar<\/a>&nbsp;&nbsp;SvD<\/li>\n<li><a href=\"https:\/\/news.google.com\/rss\/articles\/CBMijgFBVV95cUxOYW92NlVfelhJVWZleXRkRVZJcHdWZlhPR3NTQ0tvRHA5VkZUc21Pb1R2Zlk3X3dZTjNCbkNTTmh4YjFJQ29hRlRQeXNkTWpBV19IRnlaeU5XakI3bXA4bUhxazVDM2E1N3MzUmY2aUI2am85UXNZV2NYS0ZkVDRiSEs4eEJscHVqN3RSTk1R?oc=5\" target=\"_blank\" rel=\"nofollow noopener\">Stormen Anna drar fram \u2013 4 000 utan str\u00f6m i G\u00e4vleborg under natten<\/a>&nbsp;&nbsp;Aftonbladet<\/li>\n<li><a href=\"https:\/\/news.google.com\/rss\/articles\/CBMibkFVX3lxTE1WUElzOWdkTDZLd195QWxpR1l5VHlDWTBTZUVBUWpZRDR6RWpEUk1yTkFRTkpRRzZva25YNlpVZkkxUS03cm1xdF96Zy10bzNYbFNZZkJuWHVuYkpuLTRrR0MzaXJpd1l6cmZoTzh3?oc=5\" target=\"_blank\" rel=\"nofollow noopener\">Nytt ov\u00e4der med mycket sn\u00f6<\/a>&nbsp;&nbsp;8 Sidor<\/li>\n<li><a href=\"https:\/\/news.google.com\/rss\/articles\/CBMijgFBVV95cUxQakVwdWVFWFpIc2dkZGxOU01PNDNONW5vV1hSWFppakNhWlVjWUJNY1pJLTZhREJqaWwyZ05IT2NraURuRE5XN1BVY2M1ci1DNTNRUUNZU0QtWkpneHBHVUxvU196RWJpNEZBNng2Y29lSmVQZm1POE52SnAtZWhwRDdZdkFKMXJuZ3pKWlZB?oc=5\" target=\"_blank\" rel=\"nofollow noopener\">Sn\u00f6kaos v\u00e4ntar \u2013 SMHI utf\u00e4rdar gul varning i l\u00e4net<\/a>&nbsp;&nbsp;Sveriges Radio<\/li>\n<li><a href=\"https:\/\/news.google.com\/rss\/articles\/CBMizAFBVV95cUxOODN4RnJQUWRQVzJWYThtVUJ3eUhqZ1ZGS0dLNjY1TWVyNDlINkRQWFJlWjlOQmZCdUsxMGFGaE51bmtTa09TUXg3cllad0tXeHo4SGVyNWVDREdqZm8zNEI4RnFHemloVEd5cmpVZzRyWG5fUnhjX0ItVzB4Mzh4TG9tbG5EaXQyTTktMmFiU1cxUkM2X1JMVms3ck1oWjNzVVhOOWhkTlBhYWVJRlFiZlloVXdWZWdvakc0NnFIY0dCcWEtaS1XajNvRWM?oc=5\" target=\"_blank\" rel=\"nofollow noopener\">Sn\u00f6fall och bitande kyla \u2013 sn\u00f6n v\u00e4ntas ligga kvar hela n\u00e4sta vecka<\/a>&nbsp;&nbsp;GP<\/li>\n<\/ol>\n","protected":false},"excerpt":{"rendered":"Varnar f\u00f6r sn\u00f6 hela helgen \u2013 och hala v\u00e4gar&nbsp;&nbsp;SvD Stormen Anna drar fram \u2013 4 000 utan str\u00f6m&hellip;\n","protected":false},"author":2,"featured_media":123592,"comment_status":"","ping_status":"","sticky":false,"template":"","format":"standard","meta":{"footnotes":""},"categories":[5],"tags":[22,23,26,27,17,21,24,25,28,29,15,16,18,34,31,33,32,30,19,20],"class_list":{"0":"post-123591","1":"post","2":"type-post","3":"status-publish","4":"format-standard","5":"has-post-thumbnail","7":"category-rubriker","8":"tag-breaking-news","9":"tag-breakingnews","10":"tag-featured-news","11":"tag-featurednews","12":"tag-headlines","13":"tag-huvudnyheter","14":"tag-latest-news","15":"tag-latestnews","16":"tag-main-news","17":"tag-mainnews","18":"tag-news","19":"tag-nyheter","20":"tag-rubriker","21":"tag-se","22":"tag-svenska","23":"tag-sverige","24":"tag-sweden","25":"tag-swedish","26":"tag-top-stories","27":"tag-topstories"},"share_on_mastodon":{"url":"https:\/\/pubeurope.com\/@se\/115825736602228082","error":""},"_links":{"self":[{"href":"https:\/\/www.europesays.com\/se\/wp-json\/wp\/v2\/posts\/123591","targetHints":{"allow":["GET"]}}],"collection":[{"href":"https:\/\/www.europesays.com\/se\/wp-json\/wp\/v2\/posts"}],"about":[{"href":"https:\/\/www.europesays.com\/se\/wp-json\/wp\/v2\/types\/post"}],"author":[{"embeddable":true,"href":"https:\/\/www.europesays.com\/se\/wp-json\/wp\/v2\/users\/2"}],"replies":[{"embeddable":true,"href":"https:\/\/www.europesays.com\/se\/wp-json\/wp\/v2\/comments?post=123591"}],"version-history":[{"count":0,"href":"https:\/\/www.europesays.com\/se\/wp-json\/wp\/v2\/posts\/123591\/revisions"}],"wp:featuredmedia":[{"embeddable":true,"href":"https:\/\/www.europesays.com\/se\/wp-json\/wp\/v2\/media\/123592"}],"wp:attachment":[{"href":"https:\/\/www.europesays.com\/se\/wp-json\/wp\/v2\/media?parent=123591"}],"wp:term":[{"taxonomy":"category","embeddable":true,"href":"https:\/\/www.europesays.com\/se\/wp-json\/wp\/v2\/categories?post=123591"},{"taxonomy":"post_tag","embeddable":true,"href":"https:\/\/www.europesays.com\/se\/wp-json\/wp\/v2\/tags?post=123591"}],"curies":[{"name":"wp","href":"https:\/\/api.w.org\/{rel}","templated":true}]}}