{"id":123599,"date":"2026-01-02T13:33:30","date_gmt":"2026-01-02T13:33:30","guid":{"rendered":"https:\/\/www.europesays.com\/se\/123599\/"},"modified":"2026-01-02T13:33:30","modified_gmt":"2026-01-02T13:33:30","slug":"trafikolycka-pa-e22-norr-om-soderkoping","status":"publish","type":"post","link":"https:\/\/www.europesays.com\/se\/123599\/","title":{"rendered":"Trafikolycka p\u00e5 E22 norr om S\u00f6derk\u00f6ping"},"content":{"rendered":"<p>Larmet kom till SOS klockan 07.46 och g\u00e4llde en singelolycka p\u00e5 E22 ett par kilometer norr om S\u00f6derk\u00f6ping. Initialt uppgavs bilen ha voltat, men det visade sig inte st\u00e4mma.\u2013 Den har nog snarare rullat ner i diket. Det \u00e4r ganska lugnt p\u00e5 platsen. F\u00f6rare kunde sj\u00e4lv ta sig ut ur fordonet, men kommer att f\u00f6ras till sjukhus f\u00f6r en kontroll, s\u00e4ger Jonas Andersson, larm- oc<\/p>\n","protected":false},"excerpt":{"rendered":"Larmet kom till SOS klockan 07.46 och g\u00e4llde en singelolycka p\u00e5 E22 ett par kilometer norr om S\u00f6derk\u00f6ping.&hellip;\n","protected":false},"author":2,"featured_media":123600,"comment_status":"","ping_status":"","sticky":false,"template":"","format":"standard","meta":{"footnotes":""},"categories":[12],"tags":[22,23,26,27,17,21,24,25,28,29,15,16,18,34,31,33,32,30,19,20],"class_list":{"0":"post-123599","1":"post","2":"type-post","3":"status-publish","4":"format-standard","5":"has-post-thumbnail","7":"category-sverige","8":"tag-breaking-news","9":"tag-breakingnews","10":"tag-featured-news","11":"tag-featurednews","12":"tag-headlines","13":"tag-huvudnyheter","14":"tag-latest-news","15":"tag-latestnews","16":"tag-main-news","17":"tag-mainnews","18":"tag-news","19":"tag-nyheter","20":"tag-rubriker","21":"tag-se","22":"tag-svenska","23":"tag-sverige","24":"tag-sweden","25":"tag-swedish","26":"tag-top-stories","27":"tag-topstories"},"share_on_mastodon":{"url":"https:\/\/pubeurope.com\/@se\/115825764167589492","error":""},"_links":{"self":[{"href":"https:\/\/www.europesays.com\/se\/wp-json\/wp\/v2\/posts\/123599","targetHints":{"allow":["GET"]}}],"collection":[{"href":"https:\/\/www.europesays.com\/se\/wp-json\/wp\/v2\/posts"}],"about":[{"href":"https:\/\/www.europesays.com\/se\/wp-json\/wp\/v2\/types\/post"}],"author":[{"embeddable":true,"href":"https:\/\/www.europesays.com\/se\/wp-json\/wp\/v2\/users\/2"}],"replies":[{"embeddable":true,"href":"https:\/\/www.europesays.com\/se\/wp-json\/wp\/v2\/comments?post=123599"}],"version-history":[{"count":0,"href":"https:\/\/www.europesays.com\/se\/wp-json\/wp\/v2\/posts\/123599\/revisions"}],"wp:featuredmedia":[{"embeddable":true,"href":"https:\/\/www.europesays.com\/se\/wp-json\/wp\/v2\/media\/123600"}],"wp:attachment":[{"href":"https:\/\/www.europesays.com\/se\/wp-json\/wp\/v2\/media?parent=123599"}],"wp:term":[{"taxonomy":"category","embeddable":true,"href":"https:\/\/www.europesays.com\/se\/wp-json\/wp\/v2\/categories?post=123599"},{"taxonomy":"post_tag","embeddable":true,"href":"https:\/\/www.europesays.com\/se\/wp-json\/wp\/v2\/tags?post=123599"}],"curies":[{"name":"wp","href":"https:\/\/api.w.org\/{rel}","templated":true}]}}