{"id":123611,"date":"2026-01-02T13:42:09","date_gmt":"2026-01-02T13:42:09","guid":{"rendered":"https:\/\/www.europesays.com\/se\/123611\/"},"modified":"2026-01-02T13:42:09","modified_gmt":"2026-01-02T13:42:09","slug":"tonarspojke-doms-for-skjutning-pa-stureplan-ordningsvakt-skadades","status":"publish","type":"post","link":"https:\/\/www.europesays.com\/se\/123611\/","title":{"rendered":"Ton\u00e5rspojke d\u00f6ms f\u00f6r skjutning p\u00e5 Stureplan \u2013 ordningsvakt skadades"},"content":{"rendered":"<p>Ton\u00e5rspojken d\u00f6ms f\u00f6r mordf\u00f6rs\u00f6k, grovt vapenbrott, grovt olaga hot och framkallande av fara f\u00f6r annan.<\/p>\n<p>Det var i oktober 2025 som en ordningsvakt sk\u00f6ts i armen p\u00e5 Stureplan i centrala Stockholm runt midnatt, mitt i utelivet.<\/p>\n<p>Enligt \u00e5talet ska 16-\u00e5ringen ha innehaft en pistol tillsammans med en annan person. \u00c5klagaren menar att pojken deltog i planeringen och filmade medan den andre personen avlossade skotten. I samband med skjutningen hotade man \u00e4ven ytterligare tre personer genom att rikta vapnet mot dem.<\/p>\n<p>Vaktens ord: \u201dTittade in i pistolmynningen\u201d<\/p>\n<p>Ordningsvakten har i f\u00f6rh\u00f6r ber\u00e4ttat att tv\u00e5 svartkl\u00e4dda figurer d\u00f6k upp, att den ena drog vapen och att han tittade in i pistolmynningen. Han sprang in i nattklubbslokalen, varnade andra och uppt\u00e4ckte att det var fullt med blod p\u00e5 armen. Vakten ber\u00e4ttar att han efter h\u00e4ndelsen m\u00e5r d\u00e5ligt psykiskt och blir livr\u00e4dd n\u00e4r det \u00e4r m\u00f6rkt och han ser unga maskerade m\u00e4nniskor.<\/p>\n<p>Pojken ska ha tagit p\u00e5 sig uppdraget att utf\u00f6ra d\u00e5det mot ers\u00e4ttning. Han medger att han var p\u00e5 platsen och filmade h\u00e4ndelsen men f\u00f6rnekar g\u00e4rningarna i sin helhet och bestrider ansvar. Han s\u00e4ger i f\u00f6rh\u00f6r att han \u00e4r ledsen att n\u00e5gon blev tr\u00e4ffad och \u00e5ngrar allt han gjorde. <\/p>\n<p>\u00c4ven om pojken inte h\u00e5llit i vapnet anser domstolen att han intagit rollen som g\u00e4rningsman genom att delta i planeringen och filma h\u00e4ndelsen. Pojken ska ut\u00f6ver ungdomsv\u00e5rden betala 389\u00a0600 kronor i skadest\u00e5nd till de fyra m\u00e5ls\u00e4gandena.<\/p>\n<p>Den person som \u00e5klagaren p\u00e5st\u00e5r har avlossat skottet har inte gripits.<\/p>\n","protected":false},"excerpt":{"rendered":"Ton\u00e5rspojken d\u00f6ms f\u00f6r mordf\u00f6rs\u00f6k, grovt vapenbrott, grovt olaga hot och framkallande av fara f\u00f6r annan. Det var i&hellip;\n","protected":false},"author":2,"featured_media":123612,"comment_status":"","ping_status":"","sticky":false,"template":"","format":"standard","meta":{"footnotes":""},"categories":[12],"tags":[22,23,26,27,17,21,24,25,28,29,15,16,18,34,31,33,32,30,19,20],"class_list":{"0":"post-123611","1":"post","2":"type-post","3":"status-publish","4":"format-standard","5":"has-post-thumbnail","7":"category-sverige","8":"tag-breaking-news","9":"tag-breakingnews","10":"tag-featured-news","11":"tag-featurednews","12":"tag-headlines","13":"tag-huvudnyheter","14":"tag-latest-news","15":"tag-latestnews","16":"tag-main-news","17":"tag-mainnews","18":"tag-news","19":"tag-nyheter","20":"tag-rubriker","21":"tag-se","22":"tag-svenska","23":"tag-sverige","24":"tag-sweden","25":"tag-swedish","26":"tag-top-stories","27":"tag-topstories"},"share_on_mastodon":{"url":"https:\/\/pubeurope.com\/@se\/115825799599193216","error":""},"_links":{"self":[{"href":"https:\/\/www.europesays.com\/se\/wp-json\/wp\/v2\/posts\/123611","targetHints":{"allow":["GET"]}}],"collection":[{"href":"https:\/\/www.europesays.com\/se\/wp-json\/wp\/v2\/posts"}],"about":[{"href":"https:\/\/www.europesays.com\/se\/wp-json\/wp\/v2\/types\/post"}],"author":[{"embeddable":true,"href":"https:\/\/www.europesays.com\/se\/wp-json\/wp\/v2\/users\/2"}],"replies":[{"embeddable":true,"href":"https:\/\/www.europesays.com\/se\/wp-json\/wp\/v2\/comments?post=123611"}],"version-history":[{"count":0,"href":"https:\/\/www.europesays.com\/se\/wp-json\/wp\/v2\/posts\/123611\/revisions"}],"wp:featuredmedia":[{"embeddable":true,"href":"https:\/\/www.europesays.com\/se\/wp-json\/wp\/v2\/media\/123612"}],"wp:attachment":[{"href":"https:\/\/www.europesays.com\/se\/wp-json\/wp\/v2\/media?parent=123611"}],"wp:term":[{"taxonomy":"category","embeddable":true,"href":"https:\/\/www.europesays.com\/se\/wp-json\/wp\/v2\/categories?post=123611"},{"taxonomy":"post_tag","embeddable":true,"href":"https:\/\/www.europesays.com\/se\/wp-json\/wp\/v2\/tags?post=123611"}],"curies":[{"name":"wp","href":"https:\/\/api.w.org\/{rel}","templated":true}]}}