{"id":123621,"date":"2026-01-02T13:50:46","date_gmt":"2026-01-02T13:50:46","guid":{"rendered":"https:\/\/www.europesays.com\/se\/123621\/"},"modified":"2026-01-02T13:50:46","modified_gmt":"2026-01-02T13:50:46","slug":"vadervarningar-svenska-bordtennisforbundet-sbtf","status":"publish","type":"post","link":"https:\/\/www.europesays.com\/se\/123621\/","title":{"rendered":"V\u00e4dervarningar &#8211; Svenska Bordtennisf\u00f6rbundet \u2013 SBTF"},"content":{"rendered":"<p>Under jul- och ny\u00e5rshelgerna r\u00e5der allm\u00e4nna v\u00e4dervarningar \u00f6ver stora delar av landet. SMHI varnar f\u00f6r h\u00e5rda vindar och stora sn\u00f6fall och avr\u00e5der i vissa fall fr\u00e5n att ge sig ut i trafiken.<\/p>\n<p>T\u00e4vlingar som planeras under dessa dagar, framf\u00f6r allt Pingisiaden Riks f\u00f6r flickor och f\u00f6r pojkar, genomf\u00f6rs som planerat. Det \u00e4r upp till respektive deltagare, ledare eller f\u00f6r\u00e4lder att g\u00f6ra bed\u00f6mningen om det \u00e4r rimligt att \u00e5ka p\u00e5 t\u00e4vlingen. Svenska Bordtennisf\u00f6rbundet rekommenderar i alla avseenden att alla f\u00f6ljer SMHI:s r\u00e5d och anvisningar.<\/p>\n<p><a href=\"https:\/\/www.smhi.se\/\" rel=\"nofollow noopener\" target=\"_blank\">F\u00f6lj SMHI:s prognoser och varningar<\/a><\/p>\n<p><strong>KONTAKT<br \/><\/strong>Peter Hyllman, t\u00e4vlings- och serieansvarig<br \/><a href=\"https:\/\/sbtf.se\/tavling\/vadervarningar\/mailto:peterh@sbtf.se\" rel=\"nofollow noopener\" target=\"_blank\">peterh@sbtf.se<\/a><\/p>\n","protected":false},"excerpt":{"rendered":"Under jul- och ny\u00e5rshelgerna r\u00e5der allm\u00e4nna v\u00e4dervarningar \u00f6ver stora delar av landet. SMHI varnar f\u00f6r h\u00e5rda vindar och&hellip;\n","protected":false},"author":2,"featured_media":123622,"comment_status":"","ping_status":"","sticky":false,"template":"","format":"standard","meta":{"footnotes":""},"categories":[12],"tags":[22,23,26,27,17,21,24,25,28,29,15,16,18,34,31,33,32,30,19,20],"class_list":{"0":"post-123621","1":"post","2":"type-post","3":"status-publish","4":"format-standard","5":"has-post-thumbnail","7":"category-sverige","8":"tag-breaking-news","9":"tag-breakingnews","10":"tag-featured-news","11":"tag-featurednews","12":"tag-headlines","13":"tag-huvudnyheter","14":"tag-latest-news","15":"tag-latestnews","16":"tag-main-news","17":"tag-mainnews","18":"tag-news","19":"tag-nyheter","20":"tag-rubriker","21":"tag-se","22":"tag-svenska","23":"tag-sverige","24":"tag-sweden","25":"tag-swedish","26":"tag-top-stories","27":"tag-topstories"},"share_on_mastodon":{"url":"https:\/\/pubeurope.com\/@se\/115825831158906624","error":""},"_links":{"self":[{"href":"https:\/\/www.europesays.com\/se\/wp-json\/wp\/v2\/posts\/123621","targetHints":{"allow":["GET"]}}],"collection":[{"href":"https:\/\/www.europesays.com\/se\/wp-json\/wp\/v2\/posts"}],"about":[{"href":"https:\/\/www.europesays.com\/se\/wp-json\/wp\/v2\/types\/post"}],"author":[{"embeddable":true,"href":"https:\/\/www.europesays.com\/se\/wp-json\/wp\/v2\/users\/2"}],"replies":[{"embeddable":true,"href":"https:\/\/www.europesays.com\/se\/wp-json\/wp\/v2\/comments?post=123621"}],"version-history":[{"count":0,"href":"https:\/\/www.europesays.com\/se\/wp-json\/wp\/v2\/posts\/123621\/revisions"}],"wp:featuredmedia":[{"embeddable":true,"href":"https:\/\/www.europesays.com\/se\/wp-json\/wp\/v2\/media\/123622"}],"wp:attachment":[{"href":"https:\/\/www.europesays.com\/se\/wp-json\/wp\/v2\/media?parent=123621"}],"wp:term":[{"taxonomy":"category","embeddable":true,"href":"https:\/\/www.europesays.com\/se\/wp-json\/wp\/v2\/categories?post=123621"},{"taxonomy":"post_tag","embeddable":true,"href":"https:\/\/www.europesays.com\/se\/wp-json\/wp\/v2\/tags?post=123621"}],"curies":[{"name":"wp","href":"https:\/\/api.w.org\/{rel}","templated":true}]}}