{"id":123629,"date":"2026-01-02T13:58:07","date_gmt":"2026-01-02T13:58:07","guid":{"rendered":"https:\/\/www.europesays.com\/se\/123629\/"},"modified":"2026-01-02T13:58:07","modified_gmt":"2026-01-02T13:58:07","slug":"saudistodda-styrkor-inleder-offensiv-i-jemen","status":"publish","type":"post","link":"https:\/\/www.europesays.com\/se\/123629\/","title":{"rendered":"Saudist\u00f6dda styrkor inleder offensiv i Jemen"},"content":{"rendered":"<p>Saudist\u00f6dda styrkor i Jemen har inlett en offensiv mot separatistr\u00f6relsen STC i de \u00f6stra delarna av landet, rapporterar flera medier. <\/p>\n<p>Enligt ett uttalande fr\u00e5n STC, som st\u00f6ttas av Saudiarabiens rival F\u00f6renade Arabemiraten, har saudiska styrkor genomf\u00f6rt minst sju flyganfall till st\u00f6d f\u00f6r offensiven. Minst sju personer ska ha d\u00f6dats.<\/p>\n<p>Salem al-Khanbashi, lokal borgm\u00e4stare och bef\u00e4lhavare f\u00f6r de saudist\u00f6dda styrkorna, spelar ned milit\u00e4rinsatsen.<\/p>\n<p>\u2013 Det \u00e4r inte en krigsf\u00f6rklaring eller en eskalering, utan en f\u00f6rebyggande insats f\u00f6r att \u00f6ka s\u00e4kerheten och f\u00f6rhindra kaos, s\u00e4ger han enligt Al Jazeera. <\/p>\n<p>En talesperson f\u00f6r STC s\u00e4ger dock till Reuters att Saudiarabien medvetet f\u00f6rs\u00f6ker vilseleda omv\u00e4rlden genom att h\u00e4vda att insatsen \u00e4r n\u00e5got annat \u00e4n ett milit\u00e4rt angrepp. <\/p>\n<p>Omni \u00e4r politiskt obundna och oberoende. Vi str\u00e4var efter att ge fler perspektiv p\u00e5 nyheterna. Har du fr\u00e5gor eller synpunkter kring v\u00e5r rapportering? <a href=\"https:\/\/omni.se\/saudistodda-styrkor-inleder-offensiv-i-jemen\/a\/mailto:redaktion@omni.se\" class=\"ArticleActions_contactLink__W2F1M\" rel=\"nofollow noopener\" target=\"_blank\">Kontakta redaktionen<\/a><\/p>\n","protected":false},"excerpt":{"rendered":"Saudist\u00f6dda styrkor i Jemen har inlett en offensiv mot separatistr\u00f6relsen STC i de \u00f6stra delarna av landet, rapporterar&hellip;\n","protected":false},"author":2,"featured_media":123630,"comment_status":"","ping_status":"","sticky":false,"template":"","format":"standard","meta":{"footnotes":""},"categories":[14],"tags":[22,23,26,27,3244,17,21,3111,24,25,28,29,124,125,15,16,18,1740,34,31,33,32,30,19,20,51,52,53,54],"class_list":{"0":"post-123629","1":"post","2":"type-post","3":"status-publish","4":"format-standard","5":"has-post-thumbnail","7":"category-varlden","8":"tag-breaking-news","9":"tag-breakingnews","10":"tag-featured-news","11":"tag-featurednews","12":"tag-forenade-arabemiraten","13":"tag-headlines","14":"tag-huvudnyheter","15":"tag-jemen","16":"tag-latest-news","17":"tag-latestnews","18":"tag-main-news","19":"tag-mainnews","20":"tag-mellanostern","21":"tag-mellanosternkrisen","22":"tag-news","23":"tag-nyheter","24":"tag-rubriker","25":"tag-saudiarabien","26":"tag-se","27":"tag-svenska","28":"tag-sverige","29":"tag-sweden","30":"tag-swedish","31":"tag-top-stories","32":"tag-topstories","33":"tag-varlden","34":"tag-world","35":"tag-world-news","36":"tag-worldnews"},"share_on_mastodon":{"url":"https:\/\/pubeurope.com\/@se\/115825862511171115","error":""},"_links":{"self":[{"href":"https:\/\/www.europesays.com\/se\/wp-json\/wp\/v2\/posts\/123629","targetHints":{"allow":["GET"]}}],"collection":[{"href":"https:\/\/www.europesays.com\/se\/wp-json\/wp\/v2\/posts"}],"about":[{"href":"https:\/\/www.europesays.com\/se\/wp-json\/wp\/v2\/types\/post"}],"author":[{"embeddable":true,"href":"https:\/\/www.europesays.com\/se\/wp-json\/wp\/v2\/users\/2"}],"replies":[{"embeddable":true,"href":"https:\/\/www.europesays.com\/se\/wp-json\/wp\/v2\/comments?post=123629"}],"version-history":[{"count":0,"href":"https:\/\/www.europesays.com\/se\/wp-json\/wp\/v2\/posts\/123629\/revisions"}],"wp:featuredmedia":[{"embeddable":true,"href":"https:\/\/www.europesays.com\/se\/wp-json\/wp\/v2\/media\/123630"}],"wp:attachment":[{"href":"https:\/\/www.europesays.com\/se\/wp-json\/wp\/v2\/media?parent=123629"}],"wp:term":[{"taxonomy":"category","embeddable":true,"href":"https:\/\/www.europesays.com\/se\/wp-json\/wp\/v2\/categories?post=123629"},{"taxonomy":"post_tag","embeddable":true,"href":"https:\/\/www.europesays.com\/se\/wp-json\/wp\/v2\/tags?post=123629"}],"curies":[{"name":"wp","href":"https:\/\/api.w.org\/{rel}","templated":true}]}}