{"id":123631,"date":"2026-01-02T13:59:05","date_gmt":"2026-01-02T13:59:05","guid":{"rendered":"https:\/\/www.europesays.com\/se\/123631\/"},"modified":"2026-01-02T13:59:05","modified_gmt":"2026-01-02T13:59:05","slug":"dom-i-mal-om-skjutning-pa-vatterstranden-sveriges-domstolar","status":"publish","type":"post","link":"https:\/\/www.europesays.com\/se\/123631\/","title":{"rendered":"Dom i m\u00e5l om skjutning p\u00e5 V\u00e4tterstranden &#8211; Sveriges Domstolar"},"content":{"rendered":"<ol>\n<li><a href=\"https:\/\/news.google.com\/rss\/articles\/CBMihwFBVV95cUxOZ0FrMTItV1FzM0VlVmt3UHd2NmhOV0hKWHJmNUVORjdSSHFXUFEyRjFZTnBVb1haR25SSzZkQXByRV8yMHllOGpzajdSc0NDZkk0UGFSdjVEZ1NQazJaZHQ5ME55NVZPdnY1R1FyLWNHMHllZXd0VE1uWGNJam0wdGNOU2ZGTUE?oc=5\" target=\"_blank\" rel=\"nofollow noopener\">Dom i m\u00e5l om skjutning p\u00e5 V\u00e4tterstranden<\/a>&nbsp;&nbsp;Sveriges Domstolar<\/li>\n<li><a href=\"https:\/\/news.google.com\/rss\/articles\/CBMimgFBVV95cUxPUlNtakJwbi1SX3NjampMbnZfWks4ZkgyUU9BUm5KZW1LRzFGT2Jjb21pb1FiRURWWFNPaHdXUU82N1hDd2xnSUVjY3h5SW4yOVdoQVM4Sy00dHVHN215ZXllT0MzYzlDVVhwUDFuYy03RmRCbTFJckdFSFJFeUg1bVBxcUNhZEIyd2ZWT3hld0w2d2R4enpHQVFR?oc=5\" target=\"_blank\" rel=\"nofollow noopener\">Man d\u00f6ms till 14 \u00e5rs f\u00e4ngelse f\u00f6r mordf\u00f6rs\u00f6ket p\u00e5 V\u00e4tterstranden<\/a>&nbsp;&nbsp;SVT Nyheter<\/li>\n<li><a href=\"https:\/\/news.google.com\/rss\/articles\/CBMikAFBVV95cUxPX1lsdFYwRjZYaVU4TTQzVFdZN2Y0MFNnYzlYTWFuUWZUSzlYbmxKVXhSN1pPSFE3bUVIR2gtc0xES0JfNGhQNk1jaXo5V2JpbG1ORWNZMkd6WFdTYjRpaXFJVlpxYWhiVXM2VjdlRkVBRGs2QndOUkl2ZzBJUGtOeE05MmVfY096WDI1NG1DZzM?oc=5\" target=\"_blank\" rel=\"nofollow noopener\">Sk\u00f6t mot kollegor \u2013 d\u00f6ms till 14 \u00e5rs f\u00e4ngelse<\/a>&nbsp;&nbsp;Aftonbladet<\/li>\n<li><a href=\"https:\/\/news.google.com\/rss\/articles\/CBMiiwFBVV95cUxQQkg3cFBZNUtwbXBFbFRuS0dMQlRlUVVWQ19sVGtjSXdlQTFiNzd2QzBpdU1wVTNWRHM4T0xBSHJvUlhBc3pJWFBreEFlbzgxMndpN1pLRWdzY3ZfWVRxMzExUldXM1RtdjgzMGhnbnhmczRhcko5OXAzektHSXlnakZTWjk2TzBTd3JF?oc=5\" target=\"_blank\" rel=\"nofollow noopener\">EXTRA: 14 \u00e5rs f\u00e4ngelse f\u00f6r skotten p\u00e5 strandpromenaden<\/a>&nbsp;&nbsp;J\u00f6nk\u00f6pings-Posten<\/li>\n<li><a href=\"https:\/\/news.google.com\/rss\/articles\/CBMigAFBVV95cUxQT1dnYlBsRDRGYUdITWRvdFowQXRoOGZlcmItekVHUnBRc0VBak9RTjhDZ1h1M25nbEtKeDhvRGZMWGMxckE5SUdFWVAtM0Fud0hWZGNiaTRkbjZwcGEycEFLRENsVG02MXgwWlYwOFRXUmg0azhUR0d5cXZvbjJObw?oc=5\" target=\"_blank\" rel=\"nofollow noopener\">Man f\u00e5r 14 \u00e5rs f\u00e4ngelse f\u00f6r mordf\u00f6rs\u00f6k i J\u00f6nk\u00f6ping<\/a>&nbsp;&nbsp;Omni<\/li>\n<\/ol>\n","protected":false},"excerpt":{"rendered":"Dom i m\u00e5l om skjutning p\u00e5 V\u00e4tterstranden&nbsp;&nbsp;Sveriges Domstolar Man d\u00f6ms till 14 \u00e5rs f\u00e4ngelse f\u00f6r mordf\u00f6rs\u00f6ket p\u00e5 V\u00e4tterstranden&nbsp;&nbsp;SVT&hellip;\n","protected":false},"author":2,"featured_media":123632,"comment_status":"","ping_status":"","sticky":false,"template":"","format":"standard","meta":{"footnotes":""},"categories":[12],"tags":[22,23,26,27,17,21,24,25,28,29,15,16,18,34,31,33,32,30,19,20],"class_list":{"0":"post-123631","1":"post","2":"type-post","3":"status-publish","4":"format-standard","5":"has-post-thumbnail","7":"category-sverige","8":"tag-breaking-news","9":"tag-breakingnews","10":"tag-featured-news","11":"tag-featurednews","12":"tag-headlines","13":"tag-huvudnyheter","14":"tag-latest-news","15":"tag-latestnews","16":"tag-main-news","17":"tag-mainnews","18":"tag-news","19":"tag-nyheter","20":"tag-rubriker","21":"tag-se","22":"tag-svenska","23":"tag-sverige","24":"tag-sweden","25":"tag-swedish","26":"tag-top-stories","27":"tag-topstories"},"share_on_mastodon":{"url":"https:\/\/pubeurope.com\/@se\/115825866449184539","error":""},"_links":{"self":[{"href":"https:\/\/www.europesays.com\/se\/wp-json\/wp\/v2\/posts\/123631","targetHints":{"allow":["GET"]}}],"collection":[{"href":"https:\/\/www.europesays.com\/se\/wp-json\/wp\/v2\/posts"}],"about":[{"href":"https:\/\/www.europesays.com\/se\/wp-json\/wp\/v2\/types\/post"}],"author":[{"embeddable":true,"href":"https:\/\/www.europesays.com\/se\/wp-json\/wp\/v2\/users\/2"}],"replies":[{"embeddable":true,"href":"https:\/\/www.europesays.com\/se\/wp-json\/wp\/v2\/comments?post=123631"}],"version-history":[{"count":0,"href":"https:\/\/www.europesays.com\/se\/wp-json\/wp\/v2\/posts\/123631\/revisions"}],"wp:featuredmedia":[{"embeddable":true,"href":"https:\/\/www.europesays.com\/se\/wp-json\/wp\/v2\/media\/123632"}],"wp:attachment":[{"href":"https:\/\/www.europesays.com\/se\/wp-json\/wp\/v2\/media?parent=123631"}],"wp:term":[{"taxonomy":"category","embeddable":true,"href":"https:\/\/www.europesays.com\/se\/wp-json\/wp\/v2\/categories?post=123631"},{"taxonomy":"post_tag","embeddable":true,"href":"https:\/\/www.europesays.com\/se\/wp-json\/wp\/v2\/tags?post=123631"}],"curies":[{"name":"wp","href":"https:\/\/api.w.org\/{rel}","templated":true}]}}