{"id":123635,"date":"2026-01-02T14:02:23","date_gmt":"2026-01-02T14:02:23","guid":{"rendered":"https:\/\/www.europesays.com\/se\/123635\/"},"modified":"2026-01-02T14:02:23","modified_gmt":"2026-01-02T14:02:23","slug":"ytterligare-fyra-spelare-uttagna-till-os-truppen","status":"publish","type":"post","link":"https:\/\/www.europesays.com\/se\/123635\/","title":{"rendered":"Ytterligare fyra spelare uttagna till OS-truppen"},"content":{"rendered":"<p>M\u00e5lvakten Jacob Markstr\u00f6m, backen Oliver Ekman Larsson och forwarden Elias Pettersson finns med i Tre Kronors OS-trupp, avsl\u00f6jar Hockeysverige. Truppen presenteras f\u00f6rst klockan 16 i eftermiddag, men redan p\u00e5 fredagsmorgonen informerades Tre Kronors supporterklubb om trion.<\/p>\n<p>Enligt Sportbladets uppgifter \u00e4r \u00e4ven forwarden Rickard Rakell uttagen.<\/p>\n<p>Det skulle i s\u00e5dana fall inneb\u00e4ra att cirka halva truppen \u00e4r k\u00e4nd. Sedan tidigare \u00e4r sex spelare klara: Victor Hedman, Rasmus Dahlin, William Nylander, Lucas Raymond, Adrian Kempe och Gabriel Landeskog.<\/p>\n<p>Omni \u00e4r politiskt obundna och oberoende. Vi str\u00e4var efter att ge fler perspektiv p\u00e5 nyheterna. Har du fr\u00e5gor eller synpunkter kring v\u00e5r rapportering? <a href=\"https:\/\/omni.se\/ytterligare-fyra-spelare-presenterade-till-os-truppen\/a\/mailto:redaktion@omni.se\" class=\"ArticleActions_contactLink__W2F1M\" rel=\"nofollow noopener\" target=\"_blank\">Kontakta redaktionen<\/a><\/p>\n","protected":false},"excerpt":{"rendered":"M\u00e5lvakten Jacob Markstr\u00f6m, backen Oliver Ekman Larsson och forwarden Elias Pettersson finns med i Tre Kronors OS-trupp, avsl\u00f6jar&hellip;\n","protected":false},"author":2,"featured_media":123636,"comment_status":"","ping_status":"","sticky":false,"template":"","format":"standard","meta":{"footnotes":""},"categories":[68],"tags":[12994,12845,12995,1472,12997,5212,12996,7635,12993,34,111,110,31,33,32,30,5277,11666,6194],"class_list":{"0":"post-123635","1":"post","2":"type-post","3":"status-publish","4":"format-standard","5":"has-post-thumbnail","7":"category-sport","8":"tag-adrian-kempe","9":"tag-elias-pettersson","10":"tag-gabriel-landeskog","11":"tag-ishockey","12":"tag-jacob-markstrom","13":"tag-lucas-raymond","14":"tag-oliver-ekman-larsson","15":"tag-rasmus-dahlin","16":"tag-rickard-rakell","17":"tag-se","18":"tag-sport","19":"tag-sports","20":"tag-svenska","21":"tag-sverige","22":"tag-sweden","23":"tag-swedish","24":"tag-tre-kronor","25":"tag-victor-hedman","26":"tag-william-nylander"},"share_on_mastodon":{"url":"https:\/\/pubeurope.com\/@se\/115825878127073251","error":""},"_links":{"self":[{"href":"https:\/\/www.europesays.com\/se\/wp-json\/wp\/v2\/posts\/123635","targetHints":{"allow":["GET"]}}],"collection":[{"href":"https:\/\/www.europesays.com\/se\/wp-json\/wp\/v2\/posts"}],"about":[{"href":"https:\/\/www.europesays.com\/se\/wp-json\/wp\/v2\/types\/post"}],"author":[{"embeddable":true,"href":"https:\/\/www.europesays.com\/se\/wp-json\/wp\/v2\/users\/2"}],"replies":[{"embeddable":true,"href":"https:\/\/www.europesays.com\/se\/wp-json\/wp\/v2\/comments?post=123635"}],"version-history":[{"count":0,"href":"https:\/\/www.europesays.com\/se\/wp-json\/wp\/v2\/posts\/123635\/revisions"}],"wp:featuredmedia":[{"embeddable":true,"href":"https:\/\/www.europesays.com\/se\/wp-json\/wp\/v2\/media\/123636"}],"wp:attachment":[{"href":"https:\/\/www.europesays.com\/se\/wp-json\/wp\/v2\/media?parent=123635"}],"wp:term":[{"taxonomy":"category","embeddable":true,"href":"https:\/\/www.europesays.com\/se\/wp-json\/wp\/v2\/categories?post=123635"},{"taxonomy":"post_tag","embeddable":true,"href":"https:\/\/www.europesays.com\/se\/wp-json\/wp\/v2\/tags?post=123635"}],"curies":[{"name":"wp","href":"https:\/\/api.w.org\/{rel}","templated":true}]}}