{"id":123641,"date":"2026-01-02T14:06:20","date_gmt":"2026-01-02T14:06:20","guid":{"rendered":"https:\/\/www.europesays.com\/se\/123641\/"},"modified":"2026-01-02T14:06:20","modified_gmt":"2026-01-02T14:06:20","slug":"branden-i-crans-montana-i-schweiz-polisen-haller-presstraff","status":"publish","type":"post","link":"https:\/\/www.europesays.com\/se\/123641\/","title":{"rendered":"Branden i Crans-Montana i Schweiz \u2013 polisen h\u00e5ller presstr\u00e4ff"},"content":{"rendered":"<p>D\u00f6dssiffran efter den kraftiga branden kan komma att h\u00f6jas ytterligare. Av de \u00f6ver 100 personer som skadats bed\u00f6ms m\u00e5nga vara allvarligt skadade. <\/p>\n<p>Det har inte klargjorts exakt vad som startade branden, men det har konstaterats att det var ett kraftigt f\u00f6rlopp och att branden ledde till en eller flera explosioner.<\/p>\n<p>Utredning p\u00e5g\u00e5r<\/p>\n<p>Enligt Mathias Reynard, ordf\u00f6rande f\u00f6r statsr\u00e5det i kantonen, kommer det att ta tid att identifiera de omkomna. Likas\u00e5 kan offrens familjer f\u00e5 v\u00e4nta flera dagar innan de f\u00e5r hem kropparna.<\/p>\n<p>En utredning p\u00e5g\u00e5r d\u00e4r man tittar ifall s\u00e4kerhetsregler f\u00f6ljts. Enligt \u00e5klagare Beatrice Pilloud var en trappa i baren som personer anv\u00e4nt f\u00f6r att fly \u201drelativt smal\u201d.<\/p>\n","protected":false},"excerpt":{"rendered":"D\u00f6dssiffran efter den kraftiga branden kan komma att h\u00f6jas ytterligare. Av de \u00f6ver 100 personer som skadats bed\u00f6ms&hellip;\n","protected":false},"author":2,"featured_media":123642,"comment_status":"","ping_status":"","sticky":false,"template":"","format":"standard","meta":{"footnotes":""},"categories":[14],"tags":[22,23,26,27,17,21,24,25,28,29,15,16,18,34,31,33,32,30,19,20,51,52,53,54],"class_list":{"0":"post-123641","1":"post","2":"type-post","3":"status-publish","4":"format-standard","5":"has-post-thumbnail","7":"category-varlden","8":"tag-breaking-news","9":"tag-breakingnews","10":"tag-featured-news","11":"tag-featurednews","12":"tag-headlines","13":"tag-huvudnyheter","14":"tag-latest-news","15":"tag-latestnews","16":"tag-main-news","17":"tag-mainnews","18":"tag-news","19":"tag-nyheter","20":"tag-rubriker","21":"tag-se","22":"tag-svenska","23":"tag-sverige","24":"tag-sweden","25":"tag-swedish","26":"tag-top-stories","27":"tag-topstories","28":"tag-varlden","29":"tag-world","30":"tag-world-news","31":"tag-worldnews"},"share_on_mastodon":{"url":"https:\/\/pubeurope.com\/@se\/115825893934696569","error":""},"_links":{"self":[{"href":"https:\/\/www.europesays.com\/se\/wp-json\/wp\/v2\/posts\/123641","targetHints":{"allow":["GET"]}}],"collection":[{"href":"https:\/\/www.europesays.com\/se\/wp-json\/wp\/v2\/posts"}],"about":[{"href":"https:\/\/www.europesays.com\/se\/wp-json\/wp\/v2\/types\/post"}],"author":[{"embeddable":true,"href":"https:\/\/www.europesays.com\/se\/wp-json\/wp\/v2\/users\/2"}],"replies":[{"embeddable":true,"href":"https:\/\/www.europesays.com\/se\/wp-json\/wp\/v2\/comments?post=123641"}],"version-history":[{"count":0,"href":"https:\/\/www.europesays.com\/se\/wp-json\/wp\/v2\/posts\/123641\/revisions"}],"wp:featuredmedia":[{"embeddable":true,"href":"https:\/\/www.europesays.com\/se\/wp-json\/wp\/v2\/media\/123642"}],"wp:attachment":[{"href":"https:\/\/www.europesays.com\/se\/wp-json\/wp\/v2\/media?parent=123641"}],"wp:term":[{"taxonomy":"category","embeddable":true,"href":"https:\/\/www.europesays.com\/se\/wp-json\/wp\/v2\/categories?post=123641"},{"taxonomy":"post_tag","embeddable":true,"href":"https:\/\/www.europesays.com\/se\/wp-json\/wp\/v2\/tags?post=123641"}],"curies":[{"name":"wp","href":"https:\/\/api.w.org\/{rel}","templated":true}]}}