{"id":123650,"date":"2026-01-02T14:13:33","date_gmt":"2026-01-02T14:13:33","guid":{"rendered":"https:\/\/www.europesays.com\/se\/123650\/"},"modified":"2026-01-02T14:13:33","modified_gmt":"2026-01-02T14:13:33","slug":"expert-varnar-var-redo-borsen-kan-rasa-abrupt","status":"publish","type":"post","link":"https:\/\/www.europesays.com\/se\/123650\/","title":{"rendered":"Expert varnar: Var redo \u2013 b\u00f6rsen kan rasa abrupt"},"content":{"rendered":"<p>\u201dMan b\u00f6r vara f\u00f6rberedd p\u00e5 att det pl\u00f6tsligt kan dyka upp n\u00e5gon ny \u2018svart svan\u2019, en \u00f6verraskande h\u00e4ndelse som vi idag inte f\u00f6rutser, eller en \u2018gr\u00e5 svan\u2019, n\u00e5got vi f\u00f6rvisso \u00e4r medvetna om idag men som vi underskattar\u201d, s\u00e4ger <strong>Mikael Forss\u00e9n<\/strong>, chef v\u00e4gledning &amp; rekommendationer p\u00e5 Handelsbanken.<\/p>\n<p>N\u00e4r det gamla \u00e5ret nu precis \u00f6verg\u00e5tt till ett nytt \u00e5r nosar v\u00e4rldens aktiemarknader p\u00e5 de h\u00f6gsta niv\u00e5erna n\u00e5gonsin \u2013 med reservation f\u00f6r n\u00e5gra f\u00e5 undantag.<\/p>\n<p>B\u00f6rsen har uppvisat \u00f6verraskande stark motst\u00e5ndskraft under ett 2025 som kantats av handelskonflikter och geopolitiska sp\u00e4nningar.<\/p>\n<p>Historiskt faller b\u00f6rsen dramatiskt d\u00e5 och d\u00e5<\/p>\n<p>M\u00e5nga bed\u00f6mare <a href=\"https:\/\/www.dagensps.se\/bors-finans\/europas-borser-hade-rekordar-investerare-ser-annu-mer-uppsida\/\" rel=\"nofollow noopener\" target=\"_blank\">tror att b\u00f6rsgl\u00e4djen forts\u00e4tter 2026<\/a>, men b\u00f6rsklimatet kan omv\u00e4nt ocks\u00e5 snabbt f\u00f6r\u00e4ndras, varnar Handelsbanken och p\u00e5pekar att dramatiska b\u00f6rsnedg\u00e5ngar \u00e4r \u201dnormalt\u201d med j\u00e4mna mellanrum och blickar tillbaka till den stora b\u00f6rsnedg\u00e5ngen. Under Asienkrisen i slutet av 1990-talet, n\u00e4r IT-bubblan sprack kring millennieskiftet, finanskrisen 2008, pandemiutbrottet 2020 och nu senast n\u00e4r USA:s president <strong>Donald Trump<\/strong> aviserade sina extremt h\u00f6ga strafftullar.<\/p>\n<p>\u201dB\u00f6rsnedg\u00e5ngar kan komma pl\u00f6tsligt och det \u00e4r mycket sv\u00e5rt att avg\u00f6ra n\u00e4r. Och det \u00e4r knappast heller m\u00f6dan v\u00e4rt att f\u00f6rs\u00f6ka undvika dem. Tv\u00e4rtom kan det bli kostsamt d\u00e5 det r\u00e4cker med att du bara missar ett f\u00e5tal av de b\u00e4sta b\u00f6rsdagarna f\u00f6r att det kan skapa betydande negativa effekter p\u00e5 din l\u00e5ngsiktiga avkastning\u201d, s\u00e4ger Mikael Forss\u00e9n p\u00e5 Handelsbanken i ett <a href=\"https:\/\/news.cision.com\/se\/handelsbanken\/r\/borsen-infor-2026--fortsatt-optimism-men-varning-for-turbulens,c4287379\" rel=\"nofollow noopener\" target=\"_blank\">pressmeddelande<\/a>.<\/p>\n<p>H\u00e4r \u00e4r expertens r\u00e5d till hur sparare ska parera<\/p>\n<p>I st\u00e4llet f\u00f6r att l\u00e4gga energi p\u00e5 att f\u00f6rs\u00f6ka f\u00f6rutse b\u00f6rsens nyckfullhet r\u00e5der han aktiesparare att fokusera p\u00e5 konkreta m\u00e5l f\u00f6r sparandet, exempelvis var och hur du ska investera.<\/p>\n<p>S\u00e4tt upp ett m\u00e5l f\u00f6r vad du sparar till, och undvik att ta mer risk \u00e4n n\u00f6dv\u00e4ndigt, tipsar han vidare.<\/p>\n<p>Slutligen: Sprid dina risker!<\/p>\n<p>\u201dDet \u00e4r om\u00f6jligt att p\u00e5 f\u00f6rhand veta vilka placeringar som kommer att g\u00e5 b\u00e4st, b\u00e5de p\u00e5 kort och l\u00e5ng sikt. D\u00e4rf\u00f6r b\u00f6r du sprida kapitalet mellan olika typer av placeringar. Det minskar inte bara risken i portf\u00f6ljen utan \u00f6kar ocks\u00e5 chansen att du f\u00e5r del av avkastningen p\u00e5 de placeringar som g\u00e5r riktigt starkt\u201d, s\u00e4ger Handelsbanken expert fast och framh\u00e5ller att det \u00e4r lika viktigt att se \u00f6ver sparandet sporadiskt, och eventuellt l\u00e4gga om strategin f\u00f6r din b\u00f6rsportf\u00f6lj.<\/p>\n<p><strong>L\u00e4s \u00e4ven:<\/strong> <a href=\"https:\/\/www.dagensps.se\/bors-finans\/europas-borser-hade-rekordar-investerare-ser-annu-mer-uppsida\/\" rel=\"nofollow noopener\" target=\"_blank\">Europas b\u00f6rser hade rekord\u00e5r \u2013 investerare ser \u00e4nnu mer uppsida <strong>DagensPS<\/strong><\/a><\/p>\n<p><strong>L\u00e4s mer:<\/strong> <a href=\"https:\/\/www.dagensps.se\/bors-finans\/europas-banker-har-haft-ett-rekordar-nu-vantar-den-stora-fragan-2026\/\" rel=\"nofollow noopener\" target=\"_blank\">Europas banker har haft ett rekord\u00e5r \u2013 nu v\u00e4ntar den stora fr\u00e5gan 2026 <strong>DagensPS<\/strong><\/a><\/p>\n<p><strong>Missa inte klippet:<\/strong> <a href=\"https:\/\/www.realtid.se\/realtidtv\/spadomen-for-2026-bankvinster-och-hm-exit\/\" rel=\"nofollow noopener\" target=\"_blank\">Sp\u00e5domen f\u00f6r 2026: Bankvinster och H&amp;M-exit <strong>Realtid<\/strong><\/a><\/p>\n","protected":false},"excerpt":{"rendered":"\u201dMan b\u00f6r vara f\u00f6rberedd p\u00e5 att det pl\u00f6tsligt kan dyka upp n\u00e5gon ny \u2018svart svan\u2019, en \u00f6verraskande h\u00e4ndelse&hellip;\n","protected":false},"author":2,"featured_media":123651,"comment_status":"","ping_status":"","sticky":false,"template":"","format":"standard","meta":{"footnotes":""},"categories":[65],"tags":[3592,392,72,70,71,12998,5822,5956,34,12999,31,33,32,30,5235],"class_list":{"0":"post-123650","1":"post","2":"type-post","3":"status-publish","4":"format-standard","5":"has-post-thumbnail","7":"category-ekonomi","8":"tag-aktiemarknader","9":"tag-borsen","10":"tag-business","11":"tag-economy","12":"tag-ekonomi","13":"tag-goda-rad","14":"tag-handelsbanken","15":"tag-prognos","16":"tag-se","17":"tag-strategi","18":"tag-svenska","19":"tag-sverige","20":"tag-sweden","21":"tag-swedish","22":"tag-tips"},"share_on_mastodon":{"url":"https:\/\/pubeurope.com\/@se\/115825921384913111","error":""},"_links":{"self":[{"href":"https:\/\/www.europesays.com\/se\/wp-json\/wp\/v2\/posts\/123650","targetHints":{"allow":["GET"]}}],"collection":[{"href":"https:\/\/www.europesays.com\/se\/wp-json\/wp\/v2\/posts"}],"about":[{"href":"https:\/\/www.europesays.com\/se\/wp-json\/wp\/v2\/types\/post"}],"author":[{"embeddable":true,"href":"https:\/\/www.europesays.com\/se\/wp-json\/wp\/v2\/users\/2"}],"replies":[{"embeddable":true,"href":"https:\/\/www.europesays.com\/se\/wp-json\/wp\/v2\/comments?post=123650"}],"version-history":[{"count":0,"href":"https:\/\/www.europesays.com\/se\/wp-json\/wp\/v2\/posts\/123650\/revisions"}],"wp:featuredmedia":[{"embeddable":true,"href":"https:\/\/www.europesays.com\/se\/wp-json\/wp\/v2\/media\/123651"}],"wp:attachment":[{"href":"https:\/\/www.europesays.com\/se\/wp-json\/wp\/v2\/media?parent=123650"}],"wp:term":[{"taxonomy":"category","embeddable":true,"href":"https:\/\/www.europesays.com\/se\/wp-json\/wp\/v2\/categories?post=123650"},{"taxonomy":"post_tag","embeddable":true,"href":"https:\/\/www.europesays.com\/se\/wp-json\/wp\/v2\/tags?post=123650"}],"curies":[{"name":"wp","href":"https:\/\/api.w.org\/{rel}","templated":true}]}}