{"id":123655,"date":"2026-01-02T14:18:13","date_gmt":"2026-01-02T14:18:13","guid":{"rendered":"https:\/\/www.europesays.com\/se\/123655\/"},"modified":"2026-01-02T14:18:13","modified_gmt":"2026-01-02T14:18:13","slug":"di-marzio-castellanos-klar-for-west-ham","status":"publish","type":"post","link":"https:\/\/www.europesays.com\/se\/123655\/","title":{"rendered":"Di Marzio: Castellanos klar f\u00f6r West Ham"},"content":{"rendered":"<p><strong>West Ham ser ut att v\u00e4rva Taty Castellanos fr\u00e5n Lazio.<br \/>Aff\u00e4ren uppges vara klar.<br \/>Detta enligt transferexperten Gianluca Di Marzio.<\/strong><\/p>\n<p><img loading=\"lazy\" decoding=\"async\" width=\"1024\" height=\"576\" src=\"https:\/\/www.europesays.com\/se\/wp-content\/uploads\/2026\/01\/castellanos-1024x576.jpg\" alt=\"\" class=\"wp-image-355398\"  \/>Foto: Bildbyr\u00e5n<\/p>\n<p><a href=\"https:\/\/fotbolldirekt.se\/klubb\/west-ham-united\/\" rel=\"nofollow noopener\" target=\"_blank\">West Ham<\/a> \u00e4r utan en \u201dnia\u201d sedan Niclas F\u00fcllkrug l\u00e5nades ut till AC Milan. Nu rapporterar transfer-journalisten Gianluca Di Marzio att West Ham har hittat sin ers\u00e4ttare till tysken.<\/p>\n<p>Di Marzio g\u00f6r g\u00e4llande att <a href=\"https:\/\/fotbolldirekt.se\/klubb\/lazio\/\" rel=\"nofollow noopener\" target=\"_blank\">Lazio<\/a>-anfallaren Taty Castellanos \u00e4r klar f\u00f6r \u201dHammers\u201d. Argentinaren ska ha tagit farv\u00e4l av klubben under fredagen.<\/p>\n<p>Journalisten g\u00f6r \u00e4ven g\u00e4llande att aff\u00e4ren landar p\u00e5 30 miljoner euro, vilket motsvarar drygt 324 miljoner kronor.<\/p>\n<p>Castellanos st\u00e5r noterad f\u00f6r tv\u00e5 m\u00e5l och tre assist p\u00e5 10 framtr\u00e4danden i Serie A den h\u00e4r s\u00e4songen.<\/p>\n","protected":false},"excerpt":{"rendered":"West Ham ser ut att v\u00e4rva Taty Castellanos fr\u00e5n Lazio.Aff\u00e4ren uppges vara klar.Detta enligt transferexperten Gianluca Di Marzio.&hellip;\n","protected":false},"author":2,"featured_media":123656,"comment_status":"","ping_status":"","sticky":false,"template":"","format":"standard","meta":{"footnotes":""},"categories":[68],"tags":[34,411,111,110,31,33,32,30],"class_list":{"0":"post-123655","1":"post","2":"type-post","3":"status-publish","4":"format-standard","5":"has-post-thumbnail","7":"category-sport","8":"tag-se","9":"tag-senaste-nytt","10":"tag-sport","11":"tag-sports","12":"tag-svenska","13":"tag-sverige","14":"tag-sweden","15":"tag-swedish"},"share_on_mastodon":{"url":"https:\/\/pubeurope.com\/@se\/115825941226682548","error":""},"_links":{"self":[{"href":"https:\/\/www.europesays.com\/se\/wp-json\/wp\/v2\/posts\/123655","targetHints":{"allow":["GET"]}}],"collection":[{"href":"https:\/\/www.europesays.com\/se\/wp-json\/wp\/v2\/posts"}],"about":[{"href":"https:\/\/www.europesays.com\/se\/wp-json\/wp\/v2\/types\/post"}],"author":[{"embeddable":true,"href":"https:\/\/www.europesays.com\/se\/wp-json\/wp\/v2\/users\/2"}],"replies":[{"embeddable":true,"href":"https:\/\/www.europesays.com\/se\/wp-json\/wp\/v2\/comments?post=123655"}],"version-history":[{"count":0,"href":"https:\/\/www.europesays.com\/se\/wp-json\/wp\/v2\/posts\/123655\/revisions"}],"wp:featuredmedia":[{"embeddable":true,"href":"https:\/\/www.europesays.com\/se\/wp-json\/wp\/v2\/media\/123656"}],"wp:attachment":[{"href":"https:\/\/www.europesays.com\/se\/wp-json\/wp\/v2\/media?parent=123655"}],"wp:term":[{"taxonomy":"category","embeddable":true,"href":"https:\/\/www.europesays.com\/se\/wp-json\/wp\/v2\/categories?post=123655"},{"taxonomy":"post_tag","embeddable":true,"href":"https:\/\/www.europesays.com\/se\/wp-json\/wp\/v2\/tags?post=123655"}],"curies":[{"name":"wp","href":"https:\/\/api.w.org\/{rel}","templated":true}]}}