{"id":123657,"date":"2026-01-02T14:19:38","date_gmt":"2026-01-02T14:19:38","guid":{"rendered":"https:\/\/www.europesays.com\/se\/123657\/"},"modified":"2026-01-02T14:19:38","modified_gmt":"2026-01-02T14:19:38","slug":"sa-undviker-du-kvarskatt-pa-pensionen-men-du-maste-agera-nu","status":"publish","type":"post","link":"https:\/\/www.europesays.com\/se\/123657\/","title":{"rendered":"S\u00e5 undviker du kvarskatt p\u00e5 pensionen \u2013 men du m\u00e5ste agera nu"},"content":{"rendered":"<p>D\u00e4rf\u00f6r upprepas felet \u00e5r efter \u00e5r<\/p>\n<p>Problemet blir extra tydligt f\u00f6r nya pension\u00e4rer. N\u00e4r l\u00f6nen ers\u00e4tts av flera pensionsutbetalningar f\u00f6r\u00e4ndras hela skattebilden \u2013 men skatteavdragen justeras inte automatiskt.<\/p>\n<p>\u201dTj\u00e4nstepensionsbolagen drar vanligen samma procent i skatt f\u00f6r alla. Det kan inneb\u00e4ra att det totalt sett dras f\u00f6r lite skatt vilket i sin tur ger kvarskatt\u201d, s\u00e4ger <strong>Agneta Claesson<\/strong>, pensionsspecialist p\u00e5 <a href=\"https:\/\/www.pensionsmyndigheten.se\/nyheter-och-press\/pressrum\/nya-pensionarer-far-ofta-kvarskatt-dags-att-soka-jamkning-for-2025\" rel=\"nofollow noopener\" target=\"_blank\">Pensionsmyndigheten<\/a>.<\/p>\n<p>Hon pekar p\u00e5 en enkel \u00e5tg\u00e4rd som fungerar \u00e4ven nu i januari.<\/p>\n<p>\u201dDen som \u00e4r orolig f\u00f6r att f\u00e5 kvarskatt kan be Pensionsmyndigheten att dra extra skatt p\u00e5 pensionsutbetalningen. Det g\u00e5r att ordna direkt\u201d.<\/p>\n<p><strong>MISSA INTE: <\/strong><a href=\"https:\/\/www.news55.se\/privatekonomi\/har-far-du-hogst-sparranta-2026-1-000-kronor-mer-i-manaden\/\" rel=\"nofollow noopener\" target=\"_blank\">G\u00e5r du miste om tusentals kronor i on\u00f6dan? H\u00e4r f\u00e5r du h\u00f6gst sparr\u00e4nta 2026. News55<\/a><\/p>\n<p>J\u00e4mkning \u2013 fortfarande m\u00f6jligt<\/p>\n<p>Ett annat verktyg \u00e4r <a href=\"https:\/\/www.skatteverket.se\/privat\/skatter\/arbeteochinkomst\/jamkning\/jamkningforpensionarer.4.3aa8c78a1466c584587103f4.html\" rel=\"nofollow noopener\" target=\"_blank\">j\u00e4mkning<\/a>. D\u00e5 r\u00e4knas hela din ekonomi samman i f\u00f6rv\u00e4g s\u00e5 att r\u00e4tt skatt dras resten av \u00e5ret. \u00c4ven om novemberdeadline f\u00f6r att f\u00e5 j\u00e4mkning fr\u00e5n \u00e5rets start har passerat, g\u00e5r det fortfarande att ans\u00f6ka f\u00f6r \u00e5terst\u00e5ende m\u00e5nader.<\/p>\n<p>\u201dT\u00e4nk p\u00e5 att kolla upp vad som g\u00e4ller f\u00f6r just dig s\u00e5 du slipper att f\u00e5 kvarskatt att betala in i efterhand\u201d, s\u00e4ger <strong>\u00c5sa Ekstr\u00f6m<\/strong>, skattehandl\u00e4ggare p\u00e5 Skatteverket.<\/p>\n<p>Hon p\u00e5minner om att j\u00e4mkning inte bara \u00e4r till f\u00f6r den som riskerar kvarskatt, utan ocks\u00e5 f\u00f6r den som annars f\u00e5r stor skatte\u00e5terb\u00e4ring.<\/p>\n<p>Januari \u00e4r inte f\u00f6r sent \u2013 men kr\u00e4ver handling<\/p>\n<p>Du kan inte \u00e4ndra den skatt som redan dragits i \u00e5r. Men genom att justera skatteavdragen nu kan du f\u00f6rhindra att underskottet forts\u00e4tter v\u00e4xa m\u00e5nad f\u00f6r m\u00e5nad. F\u00f6r m\u00e5nga r\u00e4cker det med ett n\u00e5got h\u00f6gre avdrag p\u00e5 den allm\u00e4nna pensionen f\u00f6r att slippa en obehaglig \u00f6verraskning n\u00e4sta v\u00e5r.<\/p>\n<p>                                    Det h\u00e4r kan du g\u00f6ra i januari<\/p>\n<p data-start=\"2954\" data-end=\"2991\"><strong data-start=\"2954\" data-end=\"2991\">Detta kan du fortfarande p\u00e5verka:<\/strong><\/p>\n<ul data-start=\"2992\" data-end=\"3247\">\n<li data-start=\"2992\" data-end=\"3062\">\n<p data-start=\"2994\" data-end=\"3062\">Be Pensionsmyndigheten dra extra skatt p\u00e5 din allm\u00e4nna pension<\/p>\n<\/li>\n<li data-start=\"3063\" data-end=\"3130\">\n<p data-start=\"3065\" data-end=\"3130\">Kontrollera att alla sidoutbetalare drar minst 30 procent skatt<\/p>\n<\/li>\n<li data-start=\"3131\" data-end=\"3185\">\n<p data-start=\"3133\" data-end=\"3185\">R\u00e4kna ut din totala skatt i Skatteverkets e-tj\u00e4nst<\/p>\n<\/li>\n<li data-start=\"3186\" data-end=\"3247\">\n<p data-start=\"3188\" data-end=\"3247\">Ans\u00f6k om j\u00e4mkning hos Skatteverket f\u00f6r resten av \u00e5ret<\/p>\n<\/li>\n<\/ul>\n<p data-start=\"3249\" data-end=\"3271\"><strong data-start=\"3249\" data-end=\"3271\">Detta \u00e4r f\u00f6r sent:<\/strong><\/p>\n<p><strong>L\u00c4S \u00c4VEN: <\/strong><\/p>\n<p><a href=\"https:\/\/www.news55.se\/privatekonomi\/300-000-pensionarer-far-mer-i-planboken-2026-ar-du-en-av-dem\/\" rel=\"nofollow noopener\" target=\"_blank\">Goda besked f\u00f6r pension\u00e4rer \u2013 nu h\u00f6js tj\u00e4nstepensionen. News55<\/a><\/p>\n<p><a href=\"https:\/\/www.news55.se\/privatekonomi\/sa-blir-pensionen-2026-fyra-forandringar-som-kan-kosta-dig-tusenlappar\/\" rel=\"nofollow noopener\" target=\"_blank\">Pensionen 2026: Fyra \u00e4ndringar som kan kosta dig tusenlappar. News55<\/a><\/p>\n<p><a href=\"https:\/\/www.news55.se\/privatekonomi\/nu-vander-det-for-hushallen-3-000-mer-i-manaden\/\" rel=\"nofollow noopener\" target=\"_blank\">V\u00e4ndningen f\u00f6r hush\u00e5llen \u2013 3 000 mer i m\u00e5naden n\u00e4sta \u00e5r. News55<\/a><\/p>\n<p>L\u00e4s mer fr\u00e5n News55 &#8211; v\u00e5rt nyhetsbrev \u00e4r kostnadsfritt:Prenumerera<\/p>\n","protected":false},"excerpt":{"rendered":"D\u00e4rf\u00f6r upprepas felet \u00e5r efter \u00e5r Problemet blir extra tydligt f\u00f6r nya pension\u00e4rer. N\u00e4r l\u00f6nen ers\u00e4tts av flera&hellip;\n","protected":false},"author":2,"featured_media":123658,"comment_status":"","ping_status":"","sticky":false,"template":"","format":"standard","meta":{"footnotes":""},"categories":[67],"tags":[104,13000,1421,5384,5651,2973,13001,34,2874,847,31,33,32,30,3648,105],"class_list":{"0":"post-123657","1":"post","2":"type-post","3":"status-publish","4":"format-standard","5":"has-post-thumbnail","7":"category-underhallning","8":"tag-entertainment","9":"tag-jamkning","10":"tag-pension","11":"tag-pensionar","12":"tag-pensioner","13":"tag-pensionsmyndigheten","14":"tag-restskatt","15":"tag-se","16":"tag-skatt","17":"tag-skatteverket","18":"tag-svenska","19":"tag-sverige","20":"tag-sweden","21":"tag-swedish","22":"tag-tjanstepension","23":"tag-underhallning"},"share_on_mastodon":{"url":"https:\/\/pubeurope.com\/@se\/115825945008977358","error":""},"_links":{"self":[{"href":"https:\/\/www.europesays.com\/se\/wp-json\/wp\/v2\/posts\/123657","targetHints":{"allow":["GET"]}}],"collection":[{"href":"https:\/\/www.europesays.com\/se\/wp-json\/wp\/v2\/posts"}],"about":[{"href":"https:\/\/www.europesays.com\/se\/wp-json\/wp\/v2\/types\/post"}],"author":[{"embeddable":true,"href":"https:\/\/www.europesays.com\/se\/wp-json\/wp\/v2\/users\/2"}],"replies":[{"embeddable":true,"href":"https:\/\/www.europesays.com\/se\/wp-json\/wp\/v2\/comments?post=123657"}],"version-history":[{"count":0,"href":"https:\/\/www.europesays.com\/se\/wp-json\/wp\/v2\/posts\/123657\/revisions"}],"wp:featuredmedia":[{"embeddable":true,"href":"https:\/\/www.europesays.com\/se\/wp-json\/wp\/v2\/media\/123658"}],"wp:attachment":[{"href":"https:\/\/www.europesays.com\/se\/wp-json\/wp\/v2\/media?parent=123657"}],"wp:term":[{"taxonomy":"category","embeddable":true,"href":"https:\/\/www.europesays.com\/se\/wp-json\/wp\/v2\/categories?post=123657"},{"taxonomy":"post_tag","embeddable":true,"href":"https:\/\/www.europesays.com\/se\/wp-json\/wp\/v2\/tags?post=123657"}],"curies":[{"name":"wp","href":"https:\/\/api.w.org\/{rel}","templated":true}]}}