{"id":123669,"date":"2026-01-02T14:29:12","date_gmt":"2026-01-02T14:29:12","guid":{"rendered":"https:\/\/www.europesays.com\/se\/123669\/"},"modified":"2026-01-02T14:29:12","modified_gmt":"2026-01-02T14:29:12","slug":"fonderna-for-den-som-vill-ta-risk-kan-bli-jackpott","status":"publish","type":"post","link":"https:\/\/www.europesays.com\/se\/123669\/","title":{"rendered":"Fonderna f\u00f6r den som vill ta risk: &#8221;Kan bli jackpott&#8221;"},"content":{"rendered":"<p class=\"font-sans text-base text-text-main dark:text-text-main-dark font-normal leading-[1.4]\">Det g\u00e5r s\u00e5 klart alltid att ha en <strong>Avanza Zero<\/strong> och en <strong>L\u00e4nsf\u00f6rs\u00e4kringar Global Index<\/strong> som grund. Men sen g\u00e4ller det att sticka ut lite f\u00f6r inget nytt f\u00f6ds av att f\u00f6lja str\u00f6mmen. Med det sagt beh\u00f6ver du inte alltid uppfinna hjulet. <\/p>\n<p class=\"font-sans text-base text-text-main dark:text-text-main-dark font-normal leading-[1.4]\">F\u00f6r p\u00e5 tal om branschfonder, vad tror du om att satsa en del p\u00e5 silver och guld. <strong>Evli Silver and Gold <\/strong>hade en makal\u00f6s uppg\u00e5ng 2025 p\u00e5 148% och \u00f6ver 200% sett \u00f6ver b\u00e5de tre och fem \u00e5r. De tre st\u00f6rsta innehaven \u00e4r alla kanadensiska bolag. Faktum \u00e4r att Kanada st\u00e5r f\u00f6r n\u00e4stan 60% av portf\u00f6ljen. Sverige f\u00f6r knapp 3. Bara den senaste m\u00e5naden har fonden rusat 8%.<\/p>\n<p class=\"font-sans text-base text-text-main dark:text-text-main-dark font-normal leading-[1.4]\">Och det \u00e4r kanske inte s\u00e5 konstigt eftersom \u00e4delmetallerna haft ett\u00a0mycket starkt \u00e5r och n\u00e5tt nya prisrekord under h\u00f6sten. Silver har till och med \u00f6vertr\u00e4ffat guldet i procentuell tillv\u00e4xt. M\u00e5nga som vill skydda kapital, men tyckt att guldpriset varit v\u00e4l h\u00f6gt har f\u00f6rmodligen ist\u00e4llet v\u00e4nt sig mot silver.<\/p>\n<p class=\"font-sans text-base text-text-main dark:text-text-main-dark font-normal leading-[1.4]\">Risken i fonden \u00e4r h\u00f6g. 6 av 7 m\u00f6jliga. Och det \u00e4r inte heller en fond f\u00f6r den som s\u00f6ker h\u00e5llbara alternativ. Fonden \u00e4r klart s\u00e4mre \u00e4n snittet n\u00e4r det kommer till h\u00e5llbarhetsparametrar och det kanske inte \u00e4r s\u00e5 \u00f6verraskande n\u00e4r gruvdrift st\u00e5r p\u00e5 menyn.<\/p>\n<p class=\"font-sans text-base text-text-main dark:text-text-main-dark font-normal leading-[1.4]\">Men f\u00f6r den som tror att guldet och silvret kan forts\u00e4tta upp och \u00e4r villig att ta den risken kan det bli jackpott. Fonden har en fast avgift p\u00e5 drygt 1% och prestationsbaserad avgift p\u00e5 10%.<\/p>\n","protected":false},"excerpt":{"rendered":"Det g\u00e5r s\u00e5 klart alltid att ha en Avanza Zero och en L\u00e4nsf\u00f6rs\u00e4kringar Global Index som grund. Men&hellip;\n","protected":false},"author":2,"featured_media":123670,"comment_status":"","ping_status":"","sticky":false,"template":"","format":"standard","meta":{"footnotes":""},"categories":[65],"tags":[72,13003,70,71,13005,13006,5040,13002,13004,34,31,33,32,30],"class_list":{"0":"post-123669","1":"post","2":"type-post","3":"status-publish","4":"format-standard","5":"has-post-thumbnail","7":"category-ekonomi","8":"tag-business","9":"tag-caprifol-nordiska-fonden","10":"tag-economy","11":"tag-ekonomi","12":"tag-evli-hanibal-b2","13":"tag-evli-silver-and-gold","14":"tag-fonder","15":"tag-priornilsson-fastighet-a","16":"tag-robeco-smart-energy-d-eur-cap","17":"tag-se","18":"tag-svenska","19":"tag-sverige","20":"tag-sweden","21":"tag-swedish"},"share_on_mastodon":{"url":"https:\/\/pubeurope.com\/@se\/115825984365493044","error":""},"_links":{"self":[{"href":"https:\/\/www.europesays.com\/se\/wp-json\/wp\/v2\/posts\/123669","targetHints":{"allow":["GET"]}}],"collection":[{"href":"https:\/\/www.europesays.com\/se\/wp-json\/wp\/v2\/posts"}],"about":[{"href":"https:\/\/www.europesays.com\/se\/wp-json\/wp\/v2\/types\/post"}],"author":[{"embeddable":true,"href":"https:\/\/www.europesays.com\/se\/wp-json\/wp\/v2\/users\/2"}],"replies":[{"embeddable":true,"href":"https:\/\/www.europesays.com\/se\/wp-json\/wp\/v2\/comments?post=123669"}],"version-history":[{"count":0,"href":"https:\/\/www.europesays.com\/se\/wp-json\/wp\/v2\/posts\/123669\/revisions"}],"wp:featuredmedia":[{"embeddable":true,"href":"https:\/\/www.europesays.com\/se\/wp-json\/wp\/v2\/media\/123670"}],"wp:attachment":[{"href":"https:\/\/www.europesays.com\/se\/wp-json\/wp\/v2\/media?parent=123669"}],"wp:term":[{"taxonomy":"category","embeddable":true,"href":"https:\/\/www.europesays.com\/se\/wp-json\/wp\/v2\/categories?post=123669"},{"taxonomy":"post_tag","embeddable":true,"href":"https:\/\/www.europesays.com\/se\/wp-json\/wp\/v2\/tags?post=123669"}],"curies":[{"name":"wp","href":"https:\/\/api.w.org\/{rel}","templated":true}]}}