{"id":123682,"date":"2026-01-02T14:40:20","date_gmt":"2026-01-02T14:40:20","guid":{"rendered":"https:\/\/www.europesays.com\/se\/123682\/"},"modified":"2026-01-02T14:40:20","modified_gmt":"2026-01-02T14:40:20","slug":"surt-for-bopriserna-2025-spar-uppsving-i-ar","status":"publish","type":"post","link":"https:\/\/www.europesays.com\/se\/123682\/","title":{"rendered":"Surt f\u00f6r bopriserna 2025 \u2013 sp\u00e5r uppsving i \u00e5r"},"content":{"rendered":"<p>Bopriserna sj\u00f6nk med 1 procent i snitt i december och med 0,7 procent under 2025, rapporterar TT. <\/p>\n<p>Nedg\u00e5ngen beror troligtvis p\u00e5 att en normalisering efter pandemi\u00e5ren d\u00e5 priserna, s\u00e4rskilt f\u00f6r villor, steg kraftigt. Det s\u00e4ger den statliga banken SBAB:s chefsekonom Robert Boije. <\/p>\n<p>SBAB r\u00e4knar med att bostadspriserna stiger med runt 5 procent 2026. Inf\u00f6r det nya \u00e5ret l\u00e4ttade regeringen p\u00e5 amorteringskraven och ett h\u00f6jt bol\u00e5netak, men varken det eller eventuell draghj\u00e4lp fr\u00e5n Riksbanken kommer att styra priserna.   <\/p>\n<p>\u2013 Det som framf\u00f6r allt driver prisbilden n\u00e4sta \u00e5r \u00e4r fortsatt stigande realinkomster, s\u00e4ger han. <\/p>\n<p>Omni \u00e4r politiskt obundna och oberoende. Vi str\u00e4var efter att ge fler perspektiv p\u00e5 nyheterna. Har du fr\u00e5gor eller synpunkter kring v\u00e5r rapportering? <a href=\"https:\/\/omni.se\/sbab-surt-for-bopriserna-2025-spar-uppsving-i-ar\/a\/mailto:redaktion@omni.se\" class=\"ArticleActions_contactLink__W2F1M\" rel=\"nofollow noopener\" target=\"_blank\">Kontakta redaktionen<\/a><\/p>\n","protected":false},"excerpt":{"rendered":"Bopriserna sj\u00f6nk med 1 procent i snitt i december och med 0,7 procent under 2025, rapporterar TT. Nedg\u00e5ngen&hellip;\n","protected":false},"author":2,"featured_media":123683,"comment_status":"","ping_status":"","sticky":false,"template":"","format":"standard","meta":{"footnotes":""},"categories":[5],"tags":[730,22,23,26,27,806,17,21,24,25,28,29,15,16,325,349,13007,18,729,34,31,33,32,30,19,20],"class_list":{"0":"post-123682","1":"post","2":"type-post","3":"status-publish","4":"format-standard","5":"has-post-thumbnail","7":"category-rubriker","8":"tag-bostadspriser","9":"tag-breaking-news","10":"tag-breakingnews","11":"tag-featured-news","12":"tag-featurednews","13":"tag-finanspolitik","14":"tag-headlines","15":"tag-huvudnyheter","16":"tag-latest-news","17":"tag-latestnews","18":"tag-main-news","19":"tag-mainnews","20":"tag-news","21":"tag-nyheter","22":"tag-penningpolitik","23":"tag-privatekonomi","24":"tag-robert-boije","25":"tag-rubriker","26":"tag-sbab","27":"tag-se","28":"tag-svenska","29":"tag-sverige","30":"tag-sweden","31":"tag-swedish","32":"tag-top-stories","33":"tag-topstories"},"share_on_mastodon":{"url":"https:\/\/pubeurope.com\/@se\/115826027669169781","error":""},"_links":{"self":[{"href":"https:\/\/www.europesays.com\/se\/wp-json\/wp\/v2\/posts\/123682","targetHints":{"allow":["GET"]}}],"collection":[{"href":"https:\/\/www.europesays.com\/se\/wp-json\/wp\/v2\/posts"}],"about":[{"href":"https:\/\/www.europesays.com\/se\/wp-json\/wp\/v2\/types\/post"}],"author":[{"embeddable":true,"href":"https:\/\/www.europesays.com\/se\/wp-json\/wp\/v2\/users\/2"}],"replies":[{"embeddable":true,"href":"https:\/\/www.europesays.com\/se\/wp-json\/wp\/v2\/comments?post=123682"}],"version-history":[{"count":0,"href":"https:\/\/www.europesays.com\/se\/wp-json\/wp\/v2\/posts\/123682\/revisions"}],"wp:featuredmedia":[{"embeddable":true,"href":"https:\/\/www.europesays.com\/se\/wp-json\/wp\/v2\/media\/123683"}],"wp:attachment":[{"href":"https:\/\/www.europesays.com\/se\/wp-json\/wp\/v2\/media?parent=123682"}],"wp:term":[{"taxonomy":"category","embeddable":true,"href":"https:\/\/www.europesays.com\/se\/wp-json\/wp\/v2\/categories?post=123682"},{"taxonomy":"post_tag","embeddable":true,"href":"https:\/\/www.europesays.com\/se\/wp-json\/wp\/v2\/tags?post=123682"}],"curies":[{"name":"wp","href":"https:\/\/api.w.org\/{rel}","templated":true}]}}